{"id":14260,"date":"2024-06-27T16:37:26","date_gmt":"2024-06-27T14:37:26","guid":{"rendered":"https:\/\/www.ikusi.com\/es\/?post_type=actualidad&amp;p=14260"},"modified":"2024-06-27T16:37:26","modified_gmt":"2024-06-27T14:37:26","slug":"la-iot-en-la-empresa-a-debate-en-una-jornada-del-parque-tecnologico-de-euskadi","status":"publish","type":"actualidad","link":"https:\/\/www.ikusi.com\/es\/actualidad\/la-iot-en-la-empresa-a-debate-en-una-jornada-del-parque-tecnologico-de-euskadi\/","title":{"rendered":"La IoT en la empresa, a debate en una jornada del Parque Tecnol\u00f3gico de Euskadi"},"content":{"rendered":"<p>Bajo el lema \u201cEl futuro ya es negocio: IoT en la empresa\u201d, se ha celebrado en el campus de Zamudio del Parque Tecnol\u00f3gico de Euskadi una jornada en la que diferentes expertos han presentado casos pr\u00e1cticos de la utilizaci\u00f3n del IoT en entornos industriales, entre ellos Ikusi.<\/p>\n<p>Luis Enrique Laguna, director del departamento de Preventa de Ikusi, acompa\u00f1ado por Gonzalo Garc\u00eda, Territory Account Manager Cisco, han presentado las soluciones de conectividad y seguridad para operaciones industriales que fortalecen la convergencia entre los \u00e1mbitos de IT y OT.<\/p>\n","protected":false},"featured_media":14263,"template":"","categorias":[408],"class_list":["post-14260","actualidad","type-actualidad","status-publish","has-post-thumbnail","hentry","categorias-eventos"],"acf":[],"yoast_head":"<!-- This site is optimized with the Yoast SEO plugin v25.9 - https:\/\/yoast.com\/wordpress\/plugins\/seo\/ -->\n<title>La IoT en la empresa, a debate en una jornada del Parque Tecnol\u00f3gico de Euskadi - Ikusi<\/title>\n<meta name=\"robots\" content=\"index, follow, max-snippet:-1, max-image-preview:large, max-video-preview:-1\" \/>\n<link rel=\"canonical\" href=\"https:\/\/www.ikusi.com\/es\/actualidad\/la-iot-en-la-empresa-a-debate-en-una-jornada-del-parque-tecnologico-de-euskadi\/\" \/>\n<meta property=\"og:locale\" content=\"es_ES\" \/>\n<meta property=\"og:type\" content=\"article\" \/>\n<meta property=\"og:title\" content=\"La IoT en la empresa, a debate en una jornada del Parque Tecnol\u00f3gico de Euskadi - Ikusi\" \/>\n<meta property=\"og:description\" content=\"Bajo el lema \u201cEl futuro ya es negocio: IoT en la empresa\u201d, se ha celebrado en el campus de Zamudio [&hellip;]\" \/>\n<meta property=\"og:url\" content=\"https:\/\/www.ikusi.com\/es\/actualidad\/la-iot-en-la-empresa-a-debate-en-una-jornada-del-parque-tecnologico-de-euskadi\/\" \/>\n<meta property=\"og:site_name\" content=\"Ikusi\" \/>\n<meta property=\"article:publisher\" content=\"https:\/\/www.facebook.com\/IkusiVelatia\" \/>\n<meta property=\"og:image\" content=\"https:\/\/www.ikusi.com\/wp-content\/uploads\/2024\/06\/euzkadi.jpeg\" \/>\n\t<meta property=\"og:image:width\" content=\"2048\" \/>\n\t<meta property=\"og:image:height\" content=\"1407\" \/>\n\t<meta property=\"og:image:type\" content=\"image\/jpeg\" \/>\n<meta name=\"twitter:card\" content=\"summary_large_image\" \/>\n<meta name=\"twitter:site\" content=\"@ikusi_espana\" \/>\n<meta name=\"twitter:label1\" content=\"Tiempo de lectura\" \/>\n\t<meta name=\"twitter:data1\" content=\"1 minuto\" \/>\n<script type=\"application\/ld+json\" class=\"yoast-schema-graph\">{\"@context\":\"https:\/\/schema.org\",\"@graph\":[{\"@type\":\"WebPage\",\"@id\":\"https:\/\/www.ikusi.com\/es\/actualidad\/la-iot-en-la-empresa-a-debate-en-una-jornada-del-parque-tecnologico-de-euskadi\/\",\"url\":\"https:\/\/www.ikusi.com\/es\/actualidad\/la-iot-en-la-empresa-a-debate-en-una-jornada-del-parque-tecnologico-de-euskadi\/\",\"name\":\"La IoT en la empresa, a debate en una jornada del Parque Tecnol\u00f3gico de Euskadi - Ikusi\",\"isPartOf\":{\"@id\":\"https:\/\/www.ikusi.com\/es\/#website\"},\"primaryImageOfPage\":{\"@id\":\"https:\/\/www.ikusi.com\/es\/actualidad\/la-iot-en-la-empresa-a-debate-en-una-jornada-del-parque-tecnologico-de-euskadi\/#primaryimage\"},\"image\":{\"@id\":\"https:\/\/www.ikusi.com\/es\/actualidad\/la-iot-en-la-empresa-a-debate-en-una-jornada-del-parque-tecnologico-de-euskadi\/#primaryimage\"},\"thumbnailUrl\":\"https:\/\/www.ikusi.com\/wp-content\/uploads\/2024\/06\/euzkadi.jpeg\",\"datePublished\":\"2024-06-27T14:37:26+00:00\",\"breadcrumb\":{\"@id\":\"https:\/\/www.ikusi.com\/es\/actualidad\/la-iot-en-la-empresa-a-debate-en-una-jornada-del-parque-tecnologico-de-euskadi\/#breadcrumb\"},\"inLanguage\":\"es\",\"potentialAction\":[{\"@type\":\"ReadAction\",\"target\":[\"https:\/\/www.ikusi.com\/es\/actualidad\/la-iot-en-la-empresa-a-debate-en-una-jornada-del-parque-tecnologico-de-euskadi\/\"]}]},{\"@type\":\"ImageObject\",\"inLanguage\":\"es\",\"@id\":\"https:\/\/www.ikusi.com\/es\/actualidad\/la-iot-en-la-empresa-a-debate-en-una-jornada-del-parque-tecnologico-de-euskadi\/#primaryimage\",\"url\":\"https:\/\/www.ikusi.com\/wp-content\/uploads\/2024\/06\/euzkadi.jpeg\",\"contentUrl\":\"https:\/\/www.ikusi.com\/wp-content\/uploads\/2024\/06\/euzkadi.jpeg\",\"width\":2048,\"height\":1407},{\"@type\":\"BreadcrumbList\",\"@id\":\"https:\/\/www.ikusi.com\/es\/actualidad\/la-iot-en-la-empresa-a-debate-en-una-jornada-del-parque-tecnologico-de-euskadi\/#breadcrumb\",\"itemListElement\":[{\"@type\":\"ListItem\",\"position\":1,\"name\":\"Portada\",\"item\":\"https:\/\/www.ikusi.com\/es\/\"},{\"@type\":\"ListItem\",\"position\":2,\"name\":\"Sala de prensa\",\"item\":\"https:\/\/www.ikusi.com\/es\/actualidad\/\"},{\"@type\":\"ListItem\",\"position\":3,\"name\":\"La IoT en la empresa, a debate en una jornada del Parque Tecnol\u00f3gico de Euskadi\"}]},{\"@type\":\"WebSite\",\"@id\":\"https:\/\/www.ikusi.com\/es\/#website\",\"url\":\"https:\/\/www.ikusi.com\/es\/\",\"name\":\"Ikusi - Servicios de Digitalizaci\u00f3n y Ciberseguridad\",\"description\":\"\",\"publisher\":{\"@id\":\"https:\/\/www.ikusi.com\/es\/#organization\"},\"potentialAction\":[{\"@type\":\"SearchAction\",\"target\":{\"@type\":\"EntryPoint\",\"urlTemplate\":\"https:\/\/www.ikusi.com\/es\/?s={search_term_string}\"},\"query-input\":{\"@type\":\"PropertyValueSpecification\",\"valueRequired\":true,\"valueName\":\"search_term_string\"}}],\"inLanguage\":\"es\"},{\"@type\":\"Organization\",\"@id\":\"https:\/\/www.ikusi.com\/es\/#organization\",\"name\":\"Ikusi\",\"url\":\"https:\/\/www.ikusi.com\/es\/\",\"logo\":{\"@type\":\"ImageObject\",\"inLanguage\":\"es\",\"@id\":\"https:\/\/www.ikusi.com\/es\/#\/schema\/logo\/image\/\",\"url\":\"https:\/\/www.ikusi.com\/wp-content\/uploads\/2025\/06\/logo-ikusi.svg\",\"contentUrl\":\"https:\/\/www.ikusi.com\/wp-content\/uploads\/2025\/06\/logo-ikusi.svg\",\"width\":1,\"height\":1,\"caption\":\"Ikusi\"},\"image\":{\"@id\":\"https:\/\/www.ikusi.com\/es\/#\/schema\/logo\/image\/\"},\"sameAs\":[\"https:\/\/www.facebook.com\/IkusiVelatia\",\"https:\/\/x.com\/ikusi_espana\",\"https:\/\/www.instagram.com\/ikusi.velatia\/\",\"https:\/\/www.linkedin.com\/company\/ikusi\/\",\"https:\/\/www.youtube.com\/user\/IkusiGroup\"]}]}<\/script>\n<!-- \/ Yoast SEO plugin. -->","yoast_head_json":{"title":"La IoT en la empresa, a debate en una jornada del Parque Tecnol\u00f3gico de Euskadi - Ikusi","robots":{"index":"index","follow":"follow","max-snippet":"max-snippet:-1","max-image-preview":"max-image-preview:large","max-video-preview":"max-video-preview:-1"},"canonical":"https:\/\/www.ikusi.com\/es\/actualidad\/la-iot-en-la-empresa-a-debate-en-una-jornada-del-parque-tecnologico-de-euskadi\/","og_locale":"es_ES","og_type":"article","og_title":"La IoT en la empresa, a debate en una jornada del Parque Tecnol\u00f3gico de Euskadi - Ikusi","og_description":"Bajo el lema \u201cEl futuro ya es negocio: IoT en la empresa\u201d, se ha celebrado en el campus de Zamudio [&hellip;]","og_url":"https:\/\/www.ikusi.com\/es\/actualidad\/la-iot-en-la-empresa-a-debate-en-una-jornada-del-parque-tecnologico-de-euskadi\/","og_site_name":"Ikusi","article_publisher":"https:\/\/www.facebook.com\/IkusiVelatia","og_image":[{"width":2048,"height":1407,"url":"https:\/\/www.ikusi.com\/wp-content\/uploads\/2024\/06\/euzkadi.jpeg","type":"image\/jpeg"}],"twitter_card":"summary_large_image","twitter_site":"@ikusi_espana","twitter_misc":{"Tiempo de lectura":"1 minuto"},"schema":{"@context":"https:\/\/schema.org","@graph":[{"@type":"WebPage","@id":"https:\/\/www.ikusi.com\/es\/actualidad\/la-iot-en-la-empresa-a-debate-en-una-jornada-del-parque-tecnologico-de-euskadi\/","url":"https:\/\/www.ikusi.com\/es\/actualidad\/la-iot-en-la-empresa-a-debate-en-una-jornada-del-parque-tecnologico-de-euskadi\/","name":"La IoT en la empresa, a debate en una jornada del Parque Tecnol\u00f3gico de Euskadi - Ikusi","isPartOf":{"@id":"https:\/\/www.ikusi.com\/es\/#website"},"primaryImageOfPage":{"@id":"https:\/\/www.ikusi.com\/es\/actualidad\/la-iot-en-la-empresa-a-debate-en-una-jornada-del-parque-tecnologico-de-euskadi\/#primaryimage"},"image":{"@id":"https:\/\/www.ikusi.com\/es\/actualidad\/la-iot-en-la-empresa-a-debate-en-una-jornada-del-parque-tecnologico-de-euskadi\/#primaryimage"},"thumbnailUrl":"https:\/\/www.ikusi.com\/wp-content\/uploads\/2024\/06\/euzkadi.jpeg","datePublished":"2024-06-27T14:37:26+00:00","breadcrumb":{"@id":"https:\/\/www.ikusi.com\/es\/actualidad\/la-iot-en-la-empresa-a-debate-en-una-jornada-del-parque-tecnologico-de-euskadi\/#breadcrumb"},"inLanguage":"es","potentialAction":[{"@type":"ReadAction","target":["https:\/\/www.ikusi.com\/es\/actualidad\/la-iot-en-la-empresa-a-debate-en-una-jornada-del-parque-tecnologico-de-euskadi\/"]}]},{"@type":"ImageObject","inLanguage":"es","@id":"https:\/\/www.ikusi.com\/es\/actualidad\/la-iot-en-la-empresa-a-debate-en-una-jornada-del-parque-tecnologico-de-euskadi\/#primaryimage","url":"https:\/\/www.ikusi.com\/wp-content\/uploads\/2024\/06\/euzkadi.jpeg","contentUrl":"https:\/\/www.ikusi.com\/wp-content\/uploads\/2024\/06\/euzkadi.jpeg","width":2048,"height":1407},{"@type":"BreadcrumbList","@id":"https:\/\/www.ikusi.com\/es\/actualidad\/la-iot-en-la-empresa-a-debate-en-una-jornada-del-parque-tecnologico-de-euskadi\/#breadcrumb","itemListElement":[{"@type":"ListItem","position":1,"name":"Portada","item":"https:\/\/www.ikusi.com\/es\/"},{"@type":"ListItem","position":2,"name":"Sala de prensa","item":"https:\/\/www.ikusi.com\/es\/actualidad\/"},{"@type":"ListItem","position":3,"name":"La IoT en la empresa, a debate en una jornada del Parque Tecnol\u00f3gico de Euskadi"}]},{"@type":"WebSite","@id":"https:\/\/www.ikusi.com\/es\/#website","url":"https:\/\/www.ikusi.com\/es\/","name":"Ikusi - Servicios de Digitalizaci\u00f3n y Ciberseguridad","description":"","publisher":{"@id":"https:\/\/www.ikusi.com\/es\/#organization"},"potentialAction":[{"@type":"SearchAction","target":{"@type":"EntryPoint","urlTemplate":"https:\/\/www.ikusi.com\/es\/?s={search_term_string}"},"query-input":{"@type":"PropertyValueSpecification","valueRequired":true,"valueName":"search_term_string"}}],"inLanguage":"es"},{"@type":"Organization","@id":"https:\/\/www.ikusi.com\/es\/#organization","name":"Ikusi","url":"https:\/\/www.ikusi.com\/es\/","logo":{"@type":"ImageObject","inLanguage":"es","@id":"https:\/\/www.ikusi.com\/es\/#\/schema\/logo\/image\/","url":"https:\/\/www.ikusi.com\/wp-content\/uploads\/2025\/06\/logo-ikusi.svg","contentUrl":"https:\/\/www.ikusi.com\/wp-content\/uploads\/2025\/06\/logo-ikusi.svg","width":1,"height":1,"caption":"Ikusi"},"image":{"@id":"https:\/\/www.ikusi.com\/es\/#\/schema\/logo\/image\/"},"sameAs":["https:\/\/www.facebook.com\/IkusiVelatia","https:\/\/x.com\/ikusi_espana","https:\/\/www.instagram.com\/ikusi.velatia\/","https:\/\/www.linkedin.com\/company\/ikusi\/","https:\/\/www.youtube.com\/user\/IkusiGroup"]}]}},"_links":{"self":[{"href":"https:\/\/www.ikusi.com\/es\/wp-json\/wp\/v2\/actualidad\/14260","targetHints":{"allow":["GET"]}}],"collection":[{"href":"https:\/\/www.ikusi.com\/es\/wp-json\/wp\/v2\/actualidad"}],"about":[{"href":"https:\/\/www.ikusi.com\/es\/wp-json\/wp\/v2\/types\/actualidad"}],"wp:featuredmedia":[{"embeddable":true,"href":"https:\/\/www.ikusi.com\/es\/wp-json\/wp\/v2\/media\/14263"}],"wp:attachment":[{"href":"https:\/\/www.ikusi.com\/es\/wp-json\/wp\/v2\/media?parent=14260"}],"wp:term":[{"taxonomy":"categorias","embeddable":true,"href":"https:\/\/www.ikusi.com\/es\/wp-json\/wp\/v2\/categorias?post=14260"}],"curies":[{"name":"wp","href":"https:\/\/api.w.org\/{rel}","templated":true}]}}