{"id":16663,"date":"2020-05-26T00:00:00","date_gmt":"2020-05-26T00:00:00","guid":{"rendered":"https:\/\/www.ikusi.com\/es\/actualidad\/ikusi-y-oma-colaboran-para-dar-respuesta-a-la-situacion-de-emergencia-en-el-ambito-aeroportuario\/"},"modified":"2020-05-26T00:00:00","modified_gmt":"2020-05-26T00:00:00","slug":"ikusi-y-oma-colaboran-para-dar-respuesta-a-la-situacion-de-emergencia-en-el-ambito-aeroportuario","status":"publish","type":"actualidad","link":"https:\/\/www.ikusi.com\/es\/actualidad\/ikusi-y-oma-colaboran-para-dar-respuesta-a-la-situacion-de-emergencia-en-el-ambito-aeroportuario\/","title":{"rendered":"Ikusi y OMA colaboran para dar respuesta a la situaci\u00f3n de emergencia en el \u00e1mbito aeroportuario"},"content":{"rendered":"<p>Ikusi contin\u00faa colaborando con OMA (Grupo Aeroportuario del Centro Norte) para apoyar la continuidad de negocio y las operaciones del grupo aeroportuario mexicano en la compleja situaci\u00f3n generada por la crisis sanitaria del COVID-19.<\/p>\n<p>Ikusi mantiene personal en sitio para todas aquellas actuaciones en las que es imprescindible la presencia f\u00edsica y ofrece apoyo a OMA de forma remota para dar respuesta a las incidencias y necesidades de actualizaci\u00f3n de diversos sistemas y soluciones de los aeropuertos del grupo aeroportuario.<\/p>\n<p>La relaci\u00f3n entre Ikusi y OMA se remonta a hace una d\u00e9cada en la que ambas empresas han colaborado en el proceso de modernizaci\u00f3n de los aeropuertos del Grupo OMA con la incorporaci\u00f3n de tecnolog\u00edas de vanguardia en el \u00e1mbito de los sistemas de informaci\u00f3n al aeropuerto y de los sistemas de seguridad.<\/p>\n<p>OMA (Grupo Aeroportuario del Centro Norte) opera y administra 13 aeropuertos internacionales en nueve estados de la regi\u00f3n centro-norte de M\u00e9xico, que atienden a m\u00e1s de 23 millones de pasajeros nacionales e internacionales.<\/p>\n","protected":false},"featured_media":11890,"template":"","categorias":[407],"class_list":["post-16663","actualidad","type-actualidad","status-publish","has-post-thumbnail","hentry","categorias-proyectos"],"acf":[],"yoast_head":"<!-- This site is optimized with the Yoast SEO plugin v25.9 - https:\/\/yoast.com\/wordpress\/plugins\/seo\/ -->\n<title>Ikusi y OMA colaboran para dar respuesta a la situaci\u00f3n de emergencia en el \u00e1mbito aeroportuario - Ikusi<\/title>\n<meta name=\"robots\" content=\"index, follow, max-snippet:-1, max-image-preview:large, max-video-preview:-1\" \/>\n<link rel=\"canonical\" href=\"https:\/\/www.ikusi.com\/es\/actualidad\/ikusi-y-oma-colaboran-para-dar-respuesta-a-la-situacion-de-emergencia-en-el-ambito-aeroportuario\/\" \/>\n<meta property=\"og:locale\" content=\"es_ES\" \/>\n<meta property=\"og:type\" content=\"article\" \/>\n<meta property=\"og:title\" content=\"Ikusi y OMA colaboran para dar respuesta a la situaci\u00f3n de emergencia en el \u00e1mbito aeroportuario - Ikusi\" \/>\n<meta property=\"og:description\" content=\"Ikusi contin\u00faa colaborando con OMA (Grupo Aeroportuario del Centro Norte) para apoyar la continuidad de negocio y las operaciones del [&hellip;]\" \/>\n<meta property=\"og:url\" content=\"https:\/\/www.ikusi.com\/es\/actualidad\/ikusi-y-oma-colaboran-para-dar-respuesta-a-la-situacion-de-emergencia-en-el-ambito-aeroportuario\/\" \/>\n<meta property=\"og:site_name\" content=\"Ikusi\" \/>\n<meta property=\"article:publisher\" content=\"https:\/\/www.facebook.com\/IkusiVelatia\" \/>\n<meta property=\"og:image\" content=\"https:\/\/www.ikusi.com\/wp-content\/uploads\/2023\/04\/2_MONTERREY_1.jpg\" \/>\n\t<meta property=\"og:image:width\" content=\"971\" \/>\n\t<meta property=\"og:image:height\" content=\"650\" \/>\n\t<meta property=\"og:image:type\" content=\"image\/jpeg\" \/>\n<meta name=\"twitter:card\" content=\"summary_large_image\" \/>\n<meta name=\"twitter:site\" content=\"@ikusi_espana\" \/>\n<meta name=\"twitter:label1\" content=\"Tiempo de lectura\" \/>\n\t<meta name=\"twitter:data1\" content=\"1 minuto\" \/>\n<script type=\"application\/ld+json\" class=\"yoast-schema-graph\">{\"@context\":\"https:\/\/schema.org\",\"@graph\":[{\"@type\":\"WebPage\",\"@id\":\"https:\/\/www.ikusi.com\/es\/actualidad\/ikusi-y-oma-colaboran-para-dar-respuesta-a-la-situacion-de-emergencia-en-el-ambito-aeroportuario\/\",\"url\":\"https:\/\/www.ikusi.com\/es\/actualidad\/ikusi-y-oma-colaboran-para-dar-respuesta-a-la-situacion-de-emergencia-en-el-ambito-aeroportuario\/\",\"name\":\"Ikusi y OMA colaboran para dar respuesta a la situaci\u00f3n de emergencia en el \u00e1mbito aeroportuario - Ikusi\",\"isPartOf\":{\"@id\":\"https:\/\/www.ikusi.com\/es\/#website\"},\"primaryImageOfPage\":{\"@id\":\"https:\/\/www.ikusi.com\/es\/actualidad\/ikusi-y-oma-colaboran-para-dar-respuesta-a-la-situacion-de-emergencia-en-el-ambito-aeroportuario\/#primaryimage\"},\"image\":{\"@id\":\"https:\/\/www.ikusi.com\/es\/actualidad\/ikusi-y-oma-colaboran-para-dar-respuesta-a-la-situacion-de-emergencia-en-el-ambito-aeroportuario\/#primaryimage\"},\"thumbnailUrl\":\"https:\/\/www.ikusi.com\/wp-content\/uploads\/2023\/04\/2_MONTERREY_1.jpg\",\"datePublished\":\"2020-05-26T00:00:00+00:00\",\"breadcrumb\":{\"@id\":\"https:\/\/www.ikusi.com\/es\/actualidad\/ikusi-y-oma-colaboran-para-dar-respuesta-a-la-situacion-de-emergencia-en-el-ambito-aeroportuario\/#breadcrumb\"},\"inLanguage\":\"es\",\"potentialAction\":[{\"@type\":\"ReadAction\",\"target\":[\"https:\/\/www.ikusi.com\/es\/actualidad\/ikusi-y-oma-colaboran-para-dar-respuesta-a-la-situacion-de-emergencia-en-el-ambito-aeroportuario\/\"]}]},{\"@type\":\"ImageObject\",\"inLanguage\":\"es\",\"@id\":\"https:\/\/www.ikusi.com\/es\/actualidad\/ikusi-y-oma-colaboran-para-dar-respuesta-a-la-situacion-de-emergencia-en-el-ambito-aeroportuario\/#primaryimage\",\"url\":\"https:\/\/www.ikusi.com\/wp-content\/uploads\/2023\/04\/2_MONTERREY_1.jpg\",\"contentUrl\":\"https:\/\/www.ikusi.com\/wp-content\/uploads\/2023\/04\/2_MONTERREY_1.jpg\",\"width\":971,\"height\":650},{\"@type\":\"BreadcrumbList\",\"@id\":\"https:\/\/www.ikusi.com\/es\/actualidad\/ikusi-y-oma-colaboran-para-dar-respuesta-a-la-situacion-de-emergencia-en-el-ambito-aeroportuario\/#breadcrumb\",\"itemListElement\":[{\"@type\":\"ListItem\",\"position\":1,\"name\":\"Portada\",\"item\":\"https:\/\/www.ikusi.com\/es\/\"},{\"@type\":\"ListItem\",\"position\":2,\"name\":\"Sala de prensa\",\"item\":\"https:\/\/www.ikusi.com\/es\/actualidad\/\"},{\"@type\":\"ListItem\",\"position\":3,\"name\":\"Ikusi y OMA colaboran para dar respuesta a la situaci\u00f3n de emergencia en el \u00e1mbito aeroportuario\"}]},{\"@type\":\"WebSite\",\"@id\":\"https:\/\/www.ikusi.com\/es\/#website\",\"url\":\"https:\/\/www.ikusi.com\/es\/\",\"name\":\"Ikusi - Servicios de Digitalizaci\u00f3n y Ciberseguridad\",\"description\":\"\",\"publisher\":{\"@id\":\"https:\/\/www.ikusi.com\/es\/#organization\"},\"potentialAction\":[{\"@type\":\"SearchAction\",\"target\":{\"@type\":\"EntryPoint\",\"urlTemplate\":\"https:\/\/www.ikusi.com\/es\/?s={search_term_string}\"},\"query-input\":{\"@type\":\"PropertyValueSpecification\",\"valueRequired\":true,\"valueName\":\"search_term_string\"}}],\"inLanguage\":\"es\"},{\"@type\":\"Organization\",\"@id\":\"https:\/\/www.ikusi.com\/es\/#organization\",\"name\":\"Ikusi\",\"url\":\"https:\/\/www.ikusi.com\/es\/\",\"logo\":{\"@type\":\"ImageObject\",\"inLanguage\":\"es\",\"@id\":\"https:\/\/www.ikusi.com\/es\/#\/schema\/logo\/image\/\",\"url\":\"https:\/\/www.ikusi.com\/wp-content\/uploads\/2025\/06\/logo-ikusi.svg\",\"contentUrl\":\"https:\/\/www.ikusi.com\/wp-content\/uploads\/2025\/06\/logo-ikusi.svg\",\"width\":1,\"height\":1,\"caption\":\"Ikusi\"},\"image\":{\"@id\":\"https:\/\/www.ikusi.com\/es\/#\/schema\/logo\/image\/\"},\"sameAs\":[\"https:\/\/www.facebook.com\/IkusiVelatia\",\"https:\/\/x.com\/ikusi_espana\",\"https:\/\/www.instagram.com\/ikusi.velatia\/\",\"https:\/\/www.linkedin.com\/company\/ikusi\/\",\"https:\/\/www.youtube.com\/user\/IkusiGroup\"]}]}<\/script>\n<!-- \/ Yoast SEO plugin. -->","yoast_head_json":{"title":"Ikusi y OMA colaboran para dar respuesta a la situaci\u00f3n de emergencia en el \u00e1mbito aeroportuario - Ikusi","robots":{"index":"index","follow":"follow","max-snippet":"max-snippet:-1","max-image-preview":"max-image-preview:large","max-video-preview":"max-video-preview:-1"},"canonical":"https:\/\/www.ikusi.com\/es\/actualidad\/ikusi-y-oma-colaboran-para-dar-respuesta-a-la-situacion-de-emergencia-en-el-ambito-aeroportuario\/","og_locale":"es_ES","og_type":"article","og_title":"Ikusi y OMA colaboran para dar respuesta a la situaci\u00f3n de emergencia en el \u00e1mbito aeroportuario - Ikusi","og_description":"Ikusi contin\u00faa colaborando con OMA (Grupo Aeroportuario del Centro Norte) para apoyar la continuidad de negocio y las operaciones del [&hellip;]","og_url":"https:\/\/www.ikusi.com\/es\/actualidad\/ikusi-y-oma-colaboran-para-dar-respuesta-a-la-situacion-de-emergencia-en-el-ambito-aeroportuario\/","og_site_name":"Ikusi","article_publisher":"https:\/\/www.facebook.com\/IkusiVelatia","og_image":[{"width":971,"height":650,"url":"https:\/\/www.ikusi.com\/wp-content\/uploads\/2023\/04\/2_MONTERREY_1.jpg","type":"image\/jpeg"}],"twitter_card":"summary_large_image","twitter_site":"@ikusi_espana","twitter_misc":{"Tiempo de lectura":"1 minuto"},"schema":{"@context":"https:\/\/schema.org","@graph":[{"@type":"WebPage","@id":"https:\/\/www.ikusi.com\/es\/actualidad\/ikusi-y-oma-colaboran-para-dar-respuesta-a-la-situacion-de-emergencia-en-el-ambito-aeroportuario\/","url":"https:\/\/www.ikusi.com\/es\/actualidad\/ikusi-y-oma-colaboran-para-dar-respuesta-a-la-situacion-de-emergencia-en-el-ambito-aeroportuario\/","name":"Ikusi y OMA colaboran para dar respuesta a la situaci\u00f3n de emergencia en el \u00e1mbito aeroportuario - Ikusi","isPartOf":{"@id":"https:\/\/www.ikusi.com\/es\/#website"},"primaryImageOfPage":{"@id":"https:\/\/www.ikusi.com\/es\/actualidad\/ikusi-y-oma-colaboran-para-dar-respuesta-a-la-situacion-de-emergencia-en-el-ambito-aeroportuario\/#primaryimage"},"image":{"@id":"https:\/\/www.ikusi.com\/es\/actualidad\/ikusi-y-oma-colaboran-para-dar-respuesta-a-la-situacion-de-emergencia-en-el-ambito-aeroportuario\/#primaryimage"},"thumbnailUrl":"https:\/\/www.ikusi.com\/wp-content\/uploads\/2023\/04\/2_MONTERREY_1.jpg","datePublished":"2020-05-26T00:00:00+00:00","breadcrumb":{"@id":"https:\/\/www.ikusi.com\/es\/actualidad\/ikusi-y-oma-colaboran-para-dar-respuesta-a-la-situacion-de-emergencia-en-el-ambito-aeroportuario\/#breadcrumb"},"inLanguage":"es","potentialAction":[{"@type":"ReadAction","target":["https:\/\/www.ikusi.com\/es\/actualidad\/ikusi-y-oma-colaboran-para-dar-respuesta-a-la-situacion-de-emergencia-en-el-ambito-aeroportuario\/"]}]},{"@type":"ImageObject","inLanguage":"es","@id":"https:\/\/www.ikusi.com\/es\/actualidad\/ikusi-y-oma-colaboran-para-dar-respuesta-a-la-situacion-de-emergencia-en-el-ambito-aeroportuario\/#primaryimage","url":"https:\/\/www.ikusi.com\/wp-content\/uploads\/2023\/04\/2_MONTERREY_1.jpg","contentUrl":"https:\/\/www.ikusi.com\/wp-content\/uploads\/2023\/04\/2_MONTERREY_1.jpg","width":971,"height":650},{"@type":"BreadcrumbList","@id":"https:\/\/www.ikusi.com\/es\/actualidad\/ikusi-y-oma-colaboran-para-dar-respuesta-a-la-situacion-de-emergencia-en-el-ambito-aeroportuario\/#breadcrumb","itemListElement":[{"@type":"ListItem","position":1,"name":"Portada","item":"https:\/\/www.ikusi.com\/es\/"},{"@type":"ListItem","position":2,"name":"Sala de prensa","item":"https:\/\/www.ikusi.com\/es\/actualidad\/"},{"@type":"ListItem","position":3,"name":"Ikusi y OMA colaboran para dar respuesta a la situaci\u00f3n de emergencia en el \u00e1mbito aeroportuario"}]},{"@type":"WebSite","@id":"https:\/\/www.ikusi.com\/es\/#website","url":"https:\/\/www.ikusi.com\/es\/","name":"Ikusi - Servicios de Digitalizaci\u00f3n y Ciberseguridad","description":"","publisher":{"@id":"https:\/\/www.ikusi.com\/es\/#organization"},"potentialAction":[{"@type":"SearchAction","target":{"@type":"EntryPoint","urlTemplate":"https:\/\/www.ikusi.com\/es\/?s={search_term_string}"},"query-input":{"@type":"PropertyValueSpecification","valueRequired":true,"valueName":"search_term_string"}}],"inLanguage":"es"},{"@type":"Organization","@id":"https:\/\/www.ikusi.com\/es\/#organization","name":"Ikusi","url":"https:\/\/www.ikusi.com\/es\/","logo":{"@type":"ImageObject","inLanguage":"es","@id":"https:\/\/www.ikusi.com\/es\/#\/schema\/logo\/image\/","url":"https:\/\/www.ikusi.com\/wp-content\/uploads\/2025\/06\/logo-ikusi.svg","contentUrl":"https:\/\/www.ikusi.com\/wp-content\/uploads\/2025\/06\/logo-ikusi.svg","width":1,"height":1,"caption":"Ikusi"},"image":{"@id":"https:\/\/www.ikusi.com\/es\/#\/schema\/logo\/image\/"},"sameAs":["https:\/\/www.facebook.com\/IkusiVelatia","https:\/\/x.com\/ikusi_espana","https:\/\/www.instagram.com\/ikusi.velatia\/","https:\/\/www.linkedin.com\/company\/ikusi\/","https:\/\/www.youtube.com\/user\/IkusiGroup"]}]}},"_links":{"self":[{"href":"https:\/\/www.ikusi.com\/es\/wp-json\/wp\/v2\/actualidad\/16663","targetHints":{"allow":["GET"]}}],"collection":[{"href":"https:\/\/www.ikusi.com\/es\/wp-json\/wp\/v2\/actualidad"}],"about":[{"href":"https:\/\/www.ikusi.com\/es\/wp-json\/wp\/v2\/types\/actualidad"}],"wp:featuredmedia":[{"embeddable":true,"href":"https:\/\/www.ikusi.com\/es\/wp-json\/wp\/v2\/media\/11890"}],"wp:attachment":[{"href":"https:\/\/www.ikusi.com\/es\/wp-json\/wp\/v2\/media?parent=16663"}],"wp:term":[{"taxonomy":"categorias","embeddable":true,"href":"https:\/\/www.ikusi.com\/es\/wp-json\/wp\/v2\/categorias?post=16663"}],"curies":[{"name":"wp","href":"https:\/\/api.w.org\/{rel}","templated":true}]}}