{"id":12463,"date":"2025-05-15T09:57:25","date_gmt":"2025-05-15T15:57:25","guid":{"rendered":"https:\/\/www.ikusi.com\/mx\/?post_type=actualidad&amp;p=12463"},"modified":"2025-05-15T09:57:25","modified_gmt":"2025-05-15T15:57:25","slug":"la-universidad-pontificia-comillas-confia-a-ikusi-la-migracion-integral-de-su-red-inalambrica","status":"publish","type":"actualidad","link":"https:\/\/www.ikusi.com\/mx\/actualidad\/la-universidad-pontificia-comillas-confia-a-ikusi-la-migracion-integral-de-su-red-inalambrica\/","title":{"rendered":"La Universidad Pontificia Comillas conf\u00eda a Ikusi la migraci\u00f3n integral de su red inal\u00e1mbrica"},"content":{"rendered":"<p style=\"font-weight: 400\">La Universidad Pontificia Comillas conf\u00eda a Ikusi la migraci\u00f3n integral de su red inal\u00e1mbrica<\/p>\n<ul style=\"font-weight: 400\">\n<li><strong><em>El wifi para la universidad es un servicio esencial. Cuenta con m\u00e1s de 15.000 estudiantes en diferentes edificios y campus, y diariamente se conectan alrededor de 30.000 dispositivos<\/em><\/strong><\/li>\n<li><strong><em>Desde su despliegue se han reducido dr\u00e1sticamente las incidencias relacionadas con la conectividad, incluso en situaciones de alta demanda o interferencias externas<\/em><\/strong><\/li>\n<\/ul>\n<p style=\"font-weight: 400\"><strong>Madrid, 28 de abril de 2025.\u00a0<\/strong>La Universidad Pontificia Comillas ha dado un paso m\u00e1s hacia la excelencia tecnol\u00f3gica consciente de que en el contexto educativo actual la conectividad es un pilar esencial de la experiencia acad\u00e9mica. Para ello, ha abordado la migraci\u00f3n de su red inal\u00e1mbrica de la mano de Ikusi y la tecnolog\u00eda de Cisco. Ikusi, firma de Velatia, est\u00e1 especializada en servicios avanzados de tecnolog\u00eda y se dedica a impulsar la digitalizaci\u00f3n y garantizar la ciberseguridad. Por su parte Cisco es referente mundial de redes y TI.<\/p>\n<p style=\"font-weight: 400\">La simbiosis entre la experiencia de Ikusi y la tecnolog\u00eda de Cisco ha hecho posible que el proyecto se haya realizado en un tiempo r\u00e9cord, y que la infraestructura, realizada en agosto, haya estado operativa desde comienzo de curso.<\/p>\n<p style=\"font-weight: 400\">Meses despu\u00e9s de su puesta en marcha se puede decir que la renovaci\u00f3n de la infraestructura wifi ha sido un \u00e9xito. Desde su despliegue se han reducido dr\u00e1sticamente las incidencias relacionadas con la conectividad, incluso en situaciones de alta demanda o interferencias externas. Y la experiencia de los usuarios ha mejorado notablemente gracias a una conectividad confiable y sin interrupciones.<\/p>\n<p style=\"font-weight: 400\">Seg\u00fan Pedro P\u00e9rez, CIO de la Universidad Pontificia Comillas, \u201cpara nosotros, el wifi es un servicio esencial y diferencial que necesita contar con las m\u00e1ximas garant\u00edas de rendimiento, seguridad y calidad. Tenemos m\u00e1s de 15.000 estudiantes distribuidos en diferentes edificios y campus y calculamos que diariamente se conectan a nuestra red wifi alrededor de 30.000 dispositivos\u201d.<\/p>\n<p style=\"font-weight: 400\">As\u00ed, Ikusi y la tecnolog\u00eda Cisco Cloud Networking han aportado simplicidad para un despliegue r\u00e1pido, una adaptaci\u00f3n \u00e1gil a los cambios y una automatizaci\u00f3n de las tareas, la visibilidad para entender el comportamiento de los dispositivos y proporcionar a los usuarios la mejor experiencia.<\/p>\n<p style=\"font-weight: 400\">\u201cGracias a Ikusi y a la tecnolog\u00eda Cisco Cloud Networking, nuestra red es ahora mucho m\u00e1s potente, vers\u00e1til y preparada para el futuro. Ya estamos explorando nuevas funcionalidades, como mapas de calor, detecci\u00f3n de personas y navegaci\u00f3n en interiores\u201d, apunta P\u00e9rez.<\/p>\n<p style=\"font-weight: 400\">Para Felipe Rubio, gestor de cuentas de Ikusi, \u201ceste proyecto es un claro ejemplo de c\u00f3mo la tecnolog\u00eda puede transformar la experiencia de conectividad en entornos complejos. Adem\u00e1s, el proyecto que hemos dise\u00f1ado desde Ikusi permite no solo atender las necesidades actuales de la universidad, sino tambi\u00e9n sentar las bases para innovaciones futuras, aline\u00e1ndose con las demandas de un entorno acad\u00e9mico cada vez m\u00e1s digitalizado\u201d.<\/p>\n<p style=\"font-weight: 400\">Con Cisco Cloud Networking, la red de la universidad no solo mejora en velocidad y estabilidad de las conexiones gracias a la tecnolog\u00eda wifi 6, sino que tambi\u00e9n cuenta con una gesti\u00f3n centralizada y simplificada, un diagn\u00f3stico optimizado y la capacidad de resolver problemas desde una \u00fanica interfaz intuitiva. Cisco Cloud Networking es una red que cualquier empresa puede gestionar de forma completa desde un panel de control centralizado administrado en la nube.<\/p>\n<p style=\"font-weight: 400\">Con este acuerdo, Ikusi refuerza su posici\u00f3n como l\u00edder en servicios avanzados de tecnolog\u00eda, apoyando a sus clientes en su camino hacia la digitalizaci\u00f3n y la mejora continua de su operatividad.<\/p>\n<p style=\"font-weight: 400\">Por su parte, la Universidad Pontificia Comillas sigue apostando por la excelencia tecnol\u00f3gica para ofrecer una red inal\u00e1mbrica de calidad, segura y preparada para los retos del futuro.<\/p>\n<p style=\"font-weight: 400\"><strong>\u00a0<\/strong><\/p>\n<p style=\"font-weight: 400\"><strong>\u00a0<\/strong><\/p>\n<p style=\"font-weight: 400\"><strong>Sobre la Universidad Pontificia de Comillas<\/strong><\/p>\n<p style=\"font-weight: 400\">La Universidad Pontificia Comillas es una universidad religiosa plural basada en la excelencia, la innovaci\u00f3n y la formaci\u00f3n integral. Forma profesionales cualificados, con altas perspectivas de empleabilidad y capaces de tener un impacto positivo en la sociedad.<\/p>\n<p style=\"font-weight: 400\">Comillas \u2013primera universidad de Espa\u00f1a en inserci\u00f3n laboral y Top 5 en cumplimiento de los ODS\u2013 es una comunidad universitaria plural, inspirada en los principios del humanismo cristiano, que tiene como misi\u00f3n la educaci\u00f3n integral de las personas para que se conviertan en profesionales competentes, \u00e9ticos y comprometidos con la transformaci\u00f3n social. Comillas tiene m\u00e1s de 30 c\u00e1tedras y grupos de investigaci\u00f3n, y se sit\u00faa a la cabeza de los rankings en cuanto a formaci\u00f3n y tasas de empleabilidad, dando especial importancia a las becas y ayudas al estudio.<\/p>\n<p>La jornada ha comenzado con una visita al Innovation Center de Cisco en Madrid, para seguir con la reuni\u00f3n con el comit\u00e9 de direcci\u00f3n de Cisco Espa\u00f1a, donde se han abordado diferentes aspectos en un coloquio.<\/p>\n<p>Los principales ejes de la conversaci\u00f3n han sido, la colaboraci\u00f3n presente y futura a ambos lados del atl\u00e1ntico y el papel de Am\u00e9rica y Europa en el nuevo tablero geopol\u00edtico. Tambi\u00e9n han abordado la visi\u00f3n de una empresa industrial como Velatia, en un sector tan eminentemente tecnol\u00f3gico y donde estas las claves de desarrollo conjunto y colaboraci\u00f3n entre <a href=\"https:\/\/www.cisco.com\/c\/es_es\/index.html\">Cisco<\/a> y <a href=\"https:\/\/www.velatia.com\/es\/\">Velatia<\/a>. Las personas, el talento y la direcci\u00f3n de equipo en un mundo veloz como el que viven las empresas hoy en d\u00eda, ha sido otro de los aspectos m\u00e1s analizados durante el encuentro.<\/p>\n<p>Para Ikusi, Cisco es desde hace a\u00f1os, uno aliado clave para su oferta de servicios avanzados de tecnolog\u00eda. Los servicios de Ikusi tienen como objetivo que las empresas puedan focalizarse en el\u00a0<i>core<\/i>\u00a0de sus negocios y que los servicios de infraestructuras de comunicaciones y ciberseguridad puedan estar gestionadas por ellos. Esos servicios de gran valor a\u00f1adido est\u00e1n apoyados en fabricantes l\u00edder mundiales como Cisco.<\/p>\n","protected":false},"featured_media":15429,"template":"","categorias":[166],"class_list":["post-12463","actualidad","type-actualidad","status-publish","has-post-thumbnail","hentry","categorias-corporativo"],"acf":[],"yoast_head":"<!-- This site is optimized with the Yoast SEO plugin v25.9 - https:\/\/yoast.com\/wordpress\/plugins\/seo\/ -->\n<title>La Universidad Pontificia Comillas conf\u00eda a Ikusi la migraci\u00f3n integral de su red inal\u00e1mbrica - Ikusi<\/title>\n<meta name=\"description\" content=\"Javier Ormazabal, presidente de Velatia, se re\u00fane con la direcci\u00f3n de Cisco Espa\u00f1a para discutir la colaboraci\u00f3n presente y futura en el \u00e1mbito tecnol\u00f3gico y geopol\u00edtico.\" \/>\n<meta name=\"robots\" content=\"index, follow, max-snippet:-1, max-image-preview:large, max-video-preview:-1\" \/>\n<link rel=\"canonical\" href=\"https:\/\/www.ikusi.com\/mx\/actualidad\/la-universidad-pontificia-comillas-confia-a-ikusi-la-migracion-integral-de-su-red-inalambrica\/\" \/>\n<meta property=\"og:locale\" content=\"es_MX\" \/>\n<meta property=\"og:type\" content=\"article\" \/>\n<meta property=\"og:title\" content=\"La Universidad Pontificia Comillas conf\u00eda a Ikusi la migraci\u00f3n integral de su red inal\u00e1mbrica - Ikusi\" \/>\n<meta property=\"og:description\" content=\"Javier Ormazabal, presidente de Velatia, se re\u00fane con la direcci\u00f3n de Cisco Espa\u00f1a para discutir la colaboraci\u00f3n presente y futura en el \u00e1mbito tecnol\u00f3gico y geopol\u00edtico.\" \/>\n<meta property=\"og:url\" content=\"https:\/\/www.ikusi.com\/mx\/actualidad\/la-universidad-pontificia-comillas-confia-a-ikusi-la-migracion-integral-de-su-red-inalambrica\/\" \/>\n<meta property=\"og:site_name\" content=\"Ikusi\" \/>\n<meta property=\"article:publisher\" content=\"https:\/\/www.facebook.com\/IkusiVelatia\" \/>\n<meta property=\"og:image\" content=\"https:\/\/www.ikusi.com\/wp-content\/uploads\/2025\/05\/Ikusi_Comillas.jpg\" \/>\n\t<meta property=\"og:image:width\" content=\"780\" \/>\n\t<meta property=\"og:image:height\" content=\"440\" \/>\n\t<meta property=\"og:image:type\" content=\"image\/jpeg\" \/>\n<meta name=\"twitter:card\" content=\"summary_large_image\" \/>\n<meta name=\"twitter:site\" content=\"@ikusi_espana\" \/>\n<meta name=\"twitter:label1\" content=\"Tiempo de lectura\" \/>\n\t<meta name=\"twitter:data1\" content=\"5 minutos\" \/>\n<script type=\"application\/ld+json\" class=\"yoast-schema-graph\">{\"@context\":\"https:\/\/schema.org\",\"@graph\":[{\"@type\":\"WebPage\",\"@id\":\"https:\/\/www.ikusi.com\/mx\/actualidad\/la-universidad-pontificia-comillas-confia-a-ikusi-la-migracion-integral-de-su-red-inalambrica\/\",\"url\":\"https:\/\/www.ikusi.com\/mx\/actualidad\/la-universidad-pontificia-comillas-confia-a-ikusi-la-migracion-integral-de-su-red-inalambrica\/\",\"name\":\"La Universidad Pontificia Comillas conf\u00eda a Ikusi la migraci\u00f3n integral de su red inal\u00e1mbrica - Ikusi\",\"isPartOf\":{\"@id\":\"https:\/\/www.ikusi.com\/mx\/#website\"},\"primaryImageOfPage\":{\"@id\":\"https:\/\/www.ikusi.com\/mx\/actualidad\/la-universidad-pontificia-comillas-confia-a-ikusi-la-migracion-integral-de-su-red-inalambrica\/#primaryimage\"},\"image\":{\"@id\":\"https:\/\/www.ikusi.com\/mx\/actualidad\/la-universidad-pontificia-comillas-confia-a-ikusi-la-migracion-integral-de-su-red-inalambrica\/#primaryimage\"},\"thumbnailUrl\":\"https:\/\/www.ikusi.com\/wp-content\/uploads\/2025\/05\/Ikusi_Comillas.jpg\",\"datePublished\":\"2025-05-15T15:57:25+00:00\",\"description\":\"Javier Ormazabal, presidente de Velatia, se re\u00fane con la direcci\u00f3n de Cisco Espa\u00f1a para discutir la colaboraci\u00f3n presente y futura en el \u00e1mbito tecnol\u00f3gico y geopol\u00edtico.\",\"breadcrumb\":{\"@id\":\"https:\/\/www.ikusi.com\/mx\/actualidad\/la-universidad-pontificia-comillas-confia-a-ikusi-la-migracion-integral-de-su-red-inalambrica\/#breadcrumb\"},\"inLanguage\":\"es\",\"potentialAction\":[{\"@type\":\"ReadAction\",\"target\":[\"https:\/\/www.ikusi.com\/mx\/actualidad\/la-universidad-pontificia-comillas-confia-a-ikusi-la-migracion-integral-de-su-red-inalambrica\/\"]}]},{\"@type\":\"ImageObject\",\"inLanguage\":\"es\",\"@id\":\"https:\/\/www.ikusi.com\/mx\/actualidad\/la-universidad-pontificia-comillas-confia-a-ikusi-la-migracion-integral-de-su-red-inalambrica\/#primaryimage\",\"url\":\"https:\/\/www.ikusi.com\/wp-content\/uploads\/2025\/05\/Ikusi_Comillas.jpg\",\"contentUrl\":\"https:\/\/www.ikusi.com\/wp-content\/uploads\/2025\/05\/Ikusi_Comillas.jpg\",\"width\":780,\"height\":440},{\"@type\":\"BreadcrumbList\",\"@id\":\"https:\/\/www.ikusi.com\/mx\/actualidad\/la-universidad-pontificia-comillas-confia-a-ikusi-la-migracion-integral-de-su-red-inalambrica\/#breadcrumb\",\"itemListElement\":[{\"@type\":\"ListItem\",\"position\":1,\"name\":\"Portada\",\"item\":\"https:\/\/www.ikusi.com\/mx\/\"},{\"@type\":\"ListItem\",\"position\":2,\"name\":\"Sala de prensa\",\"item\":\"https:\/\/www.ikusi.com\/mx\/actualidad\/\"},{\"@type\":\"ListItem\",\"position\":3,\"name\":\"La Universidad Pontificia Comillas conf\u00eda a Ikusi la migraci\u00f3n integral de su red inal\u00e1mbrica\"}]},{\"@type\":\"WebSite\",\"@id\":\"https:\/\/www.ikusi.com\/mx\/#website\",\"url\":\"https:\/\/www.ikusi.com\/mx\/\",\"name\":\"Ikusi - Servicios de Digitalizaci\u00f3n y Ciberseguridad\",\"description\":\"\",\"publisher\":{\"@id\":\"https:\/\/www.ikusi.com\/mx\/#organization\"},\"potentialAction\":[{\"@type\":\"SearchAction\",\"target\":{\"@type\":\"EntryPoint\",\"urlTemplate\":\"https:\/\/www.ikusi.com\/mx\/?s={search_term_string}\"},\"query-input\":{\"@type\":\"PropertyValueSpecification\",\"valueRequired\":true,\"valueName\":\"search_term_string\"}}],\"inLanguage\":\"es\"},{\"@type\":\"Organization\",\"@id\":\"https:\/\/www.ikusi.com\/mx\/#organization\",\"name\":\"Ikusi\",\"url\":\"https:\/\/www.ikusi.com\/mx\/\",\"logo\":{\"@type\":\"ImageObject\",\"inLanguage\":\"es\",\"@id\":\"https:\/\/www.ikusi.com\/mx\/#\/schema\/logo\/image\/\",\"url\":\"https:\/\/www.ikusi.com\/wp-content\/uploads\/2025\/06\/logo-ikusi.svg\",\"contentUrl\":\"https:\/\/www.ikusi.com\/wp-content\/uploads\/2025\/06\/logo-ikusi.svg\",\"width\":1,\"height\":1,\"caption\":\"Ikusi\"},\"image\":{\"@id\":\"https:\/\/www.ikusi.com\/mx\/#\/schema\/logo\/image\/\"},\"sameAs\":[\"https:\/\/www.facebook.com\/IkusiVelatia\",\"https:\/\/x.com\/ikusi_espana\",\"https:\/\/www.instagram.com\/ikusi.velatia\/\",\"https:\/\/www.linkedin.com\/company\/ikusi\/\",\"https:\/\/www.youtube.com\/user\/IkusiGroup\"]}]}<\/script>\n<!-- \/ Yoast SEO plugin. -->","yoast_head_json":{"title":"La Universidad Pontificia Comillas conf\u00eda a Ikusi la migraci\u00f3n integral de su red inal\u00e1mbrica - Ikusi","description":"Javier Ormazabal, presidente de Velatia, se re\u00fane con la direcci\u00f3n de Cisco Espa\u00f1a para discutir la colaboraci\u00f3n presente y futura en el \u00e1mbito tecnol\u00f3gico y geopol\u00edtico.","robots":{"index":"index","follow":"follow","max-snippet":"max-snippet:-1","max-image-preview":"max-image-preview:large","max-video-preview":"max-video-preview:-1"},"canonical":"https:\/\/www.ikusi.com\/mx\/actualidad\/la-universidad-pontificia-comillas-confia-a-ikusi-la-migracion-integral-de-su-red-inalambrica\/","og_locale":"es_MX","og_type":"article","og_title":"La Universidad Pontificia Comillas conf\u00eda a Ikusi la migraci\u00f3n integral de su red inal\u00e1mbrica - Ikusi","og_description":"Javier Ormazabal, presidente de Velatia, se re\u00fane con la direcci\u00f3n de Cisco Espa\u00f1a para discutir la colaboraci\u00f3n presente y futura en el \u00e1mbito tecnol\u00f3gico y geopol\u00edtico.","og_url":"https:\/\/www.ikusi.com\/mx\/actualidad\/la-universidad-pontificia-comillas-confia-a-ikusi-la-migracion-integral-de-su-red-inalambrica\/","og_site_name":"Ikusi","article_publisher":"https:\/\/www.facebook.com\/IkusiVelatia","og_image":[{"width":780,"height":440,"url":"https:\/\/www.ikusi.com\/wp-content\/uploads\/2025\/05\/Ikusi_Comillas.jpg","type":"image\/jpeg"}],"twitter_card":"summary_large_image","twitter_site":"@ikusi_espana","twitter_misc":{"Tiempo de lectura":"5 minutos"},"schema":{"@context":"https:\/\/schema.org","@graph":[{"@type":"WebPage","@id":"https:\/\/www.ikusi.com\/mx\/actualidad\/la-universidad-pontificia-comillas-confia-a-ikusi-la-migracion-integral-de-su-red-inalambrica\/","url":"https:\/\/www.ikusi.com\/mx\/actualidad\/la-universidad-pontificia-comillas-confia-a-ikusi-la-migracion-integral-de-su-red-inalambrica\/","name":"La Universidad Pontificia Comillas conf\u00eda a Ikusi la migraci\u00f3n integral de su red inal\u00e1mbrica - Ikusi","isPartOf":{"@id":"https:\/\/www.ikusi.com\/mx\/#website"},"primaryImageOfPage":{"@id":"https:\/\/www.ikusi.com\/mx\/actualidad\/la-universidad-pontificia-comillas-confia-a-ikusi-la-migracion-integral-de-su-red-inalambrica\/#primaryimage"},"image":{"@id":"https:\/\/www.ikusi.com\/mx\/actualidad\/la-universidad-pontificia-comillas-confia-a-ikusi-la-migracion-integral-de-su-red-inalambrica\/#primaryimage"},"thumbnailUrl":"https:\/\/www.ikusi.com\/wp-content\/uploads\/2025\/05\/Ikusi_Comillas.jpg","datePublished":"2025-05-15T15:57:25+00:00","description":"Javier Ormazabal, presidente de Velatia, se re\u00fane con la direcci\u00f3n de Cisco Espa\u00f1a para discutir la colaboraci\u00f3n presente y futura en el \u00e1mbito tecnol\u00f3gico y geopol\u00edtico.","breadcrumb":{"@id":"https:\/\/www.ikusi.com\/mx\/actualidad\/la-universidad-pontificia-comillas-confia-a-ikusi-la-migracion-integral-de-su-red-inalambrica\/#breadcrumb"},"inLanguage":"es","potentialAction":[{"@type":"ReadAction","target":["https:\/\/www.ikusi.com\/mx\/actualidad\/la-universidad-pontificia-comillas-confia-a-ikusi-la-migracion-integral-de-su-red-inalambrica\/"]}]},{"@type":"ImageObject","inLanguage":"es","@id":"https:\/\/www.ikusi.com\/mx\/actualidad\/la-universidad-pontificia-comillas-confia-a-ikusi-la-migracion-integral-de-su-red-inalambrica\/#primaryimage","url":"https:\/\/www.ikusi.com\/wp-content\/uploads\/2025\/05\/Ikusi_Comillas.jpg","contentUrl":"https:\/\/www.ikusi.com\/wp-content\/uploads\/2025\/05\/Ikusi_Comillas.jpg","width":780,"height":440},{"@type":"BreadcrumbList","@id":"https:\/\/www.ikusi.com\/mx\/actualidad\/la-universidad-pontificia-comillas-confia-a-ikusi-la-migracion-integral-de-su-red-inalambrica\/#breadcrumb","itemListElement":[{"@type":"ListItem","position":1,"name":"Portada","item":"https:\/\/www.ikusi.com\/mx\/"},{"@type":"ListItem","position":2,"name":"Sala de prensa","item":"https:\/\/www.ikusi.com\/mx\/actualidad\/"},{"@type":"ListItem","position":3,"name":"La Universidad Pontificia Comillas conf\u00eda a Ikusi la migraci\u00f3n integral de su red inal\u00e1mbrica"}]},{"@type":"WebSite","@id":"https:\/\/www.ikusi.com\/mx\/#website","url":"https:\/\/www.ikusi.com\/mx\/","name":"Ikusi - Servicios de Digitalizaci\u00f3n y Ciberseguridad","description":"","publisher":{"@id":"https:\/\/www.ikusi.com\/mx\/#organization"},"potentialAction":[{"@type":"SearchAction","target":{"@type":"EntryPoint","urlTemplate":"https:\/\/www.ikusi.com\/mx\/?s={search_term_string}"},"query-input":{"@type":"PropertyValueSpecification","valueRequired":true,"valueName":"search_term_string"}}],"inLanguage":"es"},{"@type":"Organization","@id":"https:\/\/www.ikusi.com\/mx\/#organization","name":"Ikusi","url":"https:\/\/www.ikusi.com\/mx\/","logo":{"@type":"ImageObject","inLanguage":"es","@id":"https:\/\/www.ikusi.com\/mx\/#\/schema\/logo\/image\/","url":"https:\/\/www.ikusi.com\/wp-content\/uploads\/2025\/06\/logo-ikusi.svg","contentUrl":"https:\/\/www.ikusi.com\/wp-content\/uploads\/2025\/06\/logo-ikusi.svg","width":1,"height":1,"caption":"Ikusi"},"image":{"@id":"https:\/\/www.ikusi.com\/mx\/#\/schema\/logo\/image\/"},"sameAs":["https:\/\/www.facebook.com\/IkusiVelatia","https:\/\/x.com\/ikusi_espana","https:\/\/www.instagram.com\/ikusi.velatia\/","https:\/\/www.linkedin.com\/company\/ikusi\/","https:\/\/www.youtube.com\/user\/IkusiGroup"]}]}},"_links":{"self":[{"href":"https:\/\/www.ikusi.com\/mx\/wp-json\/wp\/v2\/actualidad\/12463","targetHints":{"allow":["GET"]}}],"collection":[{"href":"https:\/\/www.ikusi.com\/mx\/wp-json\/wp\/v2\/actualidad"}],"about":[{"href":"https:\/\/www.ikusi.com\/mx\/wp-json\/wp\/v2\/types\/actualidad"}],"wp:featuredmedia":[{"embeddable":true,"href":"https:\/\/www.ikusi.com\/mx\/wp-json\/wp\/v2\/media\/15429"}],"wp:attachment":[{"href":"https:\/\/www.ikusi.com\/mx\/wp-json\/wp\/v2\/media?parent=12463"}],"wp:term":[{"taxonomy":"categorias","embeddable":true,"href":"https:\/\/www.ikusi.com\/mx\/wp-json\/wp\/v2\/categorias?post=12463"}],"curies":[{"name":"wp","href":"https:\/\/api.w.org\/{rel}","templated":true}]}}