{"id":16749,"date":"2024-09-13T10:22:52","date_gmt":"2024-09-13T16:22:52","guid":{"rendered":"https:\/\/www.ikusi.com\/mx\/?post_type=actualidad&amp;p=11898"},"modified":"2024-09-13T10:22:52","modified_gmt":"2024-09-13T16:22:52","slug":"ikusi-participa-con-una-destacada-representacion-en-cisco-connect-latam-2024","status":"publish","type":"actualidad","link":"https:\/\/www.ikusi.com\/mx\/actualidad\/ikusi-participa-con-una-destacada-representacion-en-cisco-connect-latam-2024\/","title":{"rendered":"Ikusi participa con una destacada representaci\u00f3n en Cisco Connect Latam 2024"},"content":{"rendered":"<p>Una vez m\u00e1s, la comunidad de profesionales de TI de Am\u00e9rica Latina se ha reunido en Canc\u00fan para participar en Cisco Connect Latam 2024, uno de los eventos m\u00e1s importantes del sector tecnol\u00f3gico en la regi\u00f3n. En esta ocasi\u00f3n, Ikusi ha acudido con una destacada representaci\u00f3n de profesionales provenientes de M\u00e9xico y Colombia, quienes han sido parte fundamental de las conferencias y actividades del evento.<\/p>\n<p>Del 10 al 12 de septiembre, los profesionales de Ikusi han compartido su conocimiento en distintas ponencias, abordando temas claves sobre las \u00faltimas tendencias en tecnolog\u00eda y su aplicaci\u00f3n en el entorno empresarial.<\/p>\n<p>Adem\u00e1s, Ikusi ha llevado a 30 clientes de Colombia al evento, fortaleciendo as\u00ed su relaci\u00f3n con socios estrat\u00e9gicos y promoviendo el intercambio de conocimientos en el sector TI. Como parte de las actividades de networking, el jueves 11 de septiembre se realiz\u00f3 un evento exclusivo en Xoximilco, donde los asistentes pudieron conectar en un ambiente m\u00e1s distendido y fortalecer sus relaciones profesionales.<\/p>\n<p>Cisco Connect Latam se ha consolidado como el principal espacio de encuentro para innovadores y expertos tecnol\u00f3gicos de toda Am\u00e9rica Latina. Con un enfoque en el intercambio de ideas, tendencias tecnol\u00f3gicas y la creaci\u00f3n de una comunidad global, este evento se ha convertido en una referencia para los profesionales de TI que buscan empoderarse y acelerar las conexiones que definir\u00e1n el futuro digital.<\/p>\n<p>Con su participaci\u00f3n, Ikusi refuerza su compromiso con la innovaci\u00f3n tecnol\u00f3gica y la transformaci\u00f3n digital en la regi\u00f3n, consolid\u00e1ndose como un actor clave en el panorama tecnol\u00f3gico latinoamericano.<\/p>\n","protected":false},"featured_media":17905,"template":"","categorias":[168],"class_list":["post-16749","actualidad","type-actualidad","status-publish","has-post-thumbnail","hentry","categorias-eventos"],"acf":[],"yoast_head":"<!-- This site is optimized with the Yoast SEO plugin v25.9 - https:\/\/yoast.com\/wordpress\/plugins\/seo\/ -->\n<title>Ikusi participa con una destacada representaci\u00f3n en Cisco Connect Latam 2024 - Ikusi<\/title>\n<meta name=\"robots\" content=\"index, follow, max-snippet:-1, max-image-preview:large, max-video-preview:-1\" \/>\n<link rel=\"canonical\" href=\"https:\/\/www.ikusi.com\/mx\/actualidad\/ikusi-participa-con-una-destacada-representacion-en-cisco-connect-latam-2024\/\" \/>\n<meta property=\"og:locale\" content=\"es_MX\" \/>\n<meta property=\"og:type\" content=\"article\" \/>\n<meta property=\"og:title\" content=\"Ikusi participa con una destacada representaci\u00f3n en Cisco Connect Latam 2024 - Ikusi\" \/>\n<meta property=\"og:description\" content=\"Una vez m\u00e1s, la comunidad de profesionales de TI de Am\u00e9rica Latina se ha reunido en Canc\u00fan para participar en [&hellip;]\" \/>\n<meta property=\"og:url\" content=\"https:\/\/www.ikusi.com\/mx\/actualidad\/ikusi-participa-con-una-destacada-representacion-en-cisco-connect-latam-2024\/\" \/>\n<meta property=\"og:site_name\" content=\"Ikusi\" \/>\n<meta property=\"article:publisher\" content=\"https:\/\/www.facebook.com\/IkusiVelatia\" \/>\n<meta property=\"og:image\" content=\"https:\/\/www.ikusi.com\/wp-content\/uploads\/2025\/07\/header-nota-de-prensa.jpg\" \/>\n\t<meta property=\"og:image:width\" content=\"1920\" \/>\n\t<meta property=\"og:image:height\" content=\"1080\" \/>\n\t<meta property=\"og:image:type\" content=\"image\/jpeg\" \/>\n<meta name=\"twitter:card\" content=\"summary_large_image\" \/>\n<meta name=\"twitter:site\" content=\"@ikusi_espana\" \/>\n<meta name=\"twitter:label1\" content=\"Tiempo de lectura\" \/>\n\t<meta name=\"twitter:data1\" content=\"2 minutos\" \/>\n<script type=\"application\/ld+json\" class=\"yoast-schema-graph\">{\"@context\":\"https:\/\/schema.org\",\"@graph\":[{\"@type\":\"WebPage\",\"@id\":\"https:\/\/www.ikusi.com\/mx\/actualidad\/ikusi-participa-con-una-destacada-representacion-en-cisco-connect-latam-2024\/\",\"url\":\"https:\/\/www.ikusi.com\/mx\/actualidad\/ikusi-participa-con-una-destacada-representacion-en-cisco-connect-latam-2024\/\",\"name\":\"Ikusi participa con una destacada representaci\u00f3n en Cisco Connect Latam 2024 - Ikusi\",\"isPartOf\":{\"@id\":\"https:\/\/www.ikusi.com\/mx\/#website\"},\"primaryImageOfPage\":{\"@id\":\"https:\/\/www.ikusi.com\/mx\/actualidad\/ikusi-participa-con-una-destacada-representacion-en-cisco-connect-latam-2024\/#primaryimage\"},\"image\":{\"@id\":\"https:\/\/www.ikusi.com\/mx\/actualidad\/ikusi-participa-con-una-destacada-representacion-en-cisco-connect-latam-2024\/#primaryimage\"},\"thumbnailUrl\":\"https:\/\/www.ikusi.com\/wp-content\/uploads\/2025\/07\/header-nota-de-prensa.jpg\",\"datePublished\":\"2024-09-13T16:22:52+00:00\",\"breadcrumb\":{\"@id\":\"https:\/\/www.ikusi.com\/mx\/actualidad\/ikusi-participa-con-una-destacada-representacion-en-cisco-connect-latam-2024\/#breadcrumb\"},\"inLanguage\":\"es\",\"potentialAction\":[{\"@type\":\"ReadAction\",\"target\":[\"https:\/\/www.ikusi.com\/mx\/actualidad\/ikusi-participa-con-una-destacada-representacion-en-cisco-connect-latam-2024\/\"]}]},{\"@type\":\"ImageObject\",\"inLanguage\":\"es\",\"@id\":\"https:\/\/www.ikusi.com\/mx\/actualidad\/ikusi-participa-con-una-destacada-representacion-en-cisco-connect-latam-2024\/#primaryimage\",\"url\":\"https:\/\/www.ikusi.com\/wp-content\/uploads\/2025\/07\/header-nota-de-prensa.jpg\",\"contentUrl\":\"https:\/\/www.ikusi.com\/wp-content\/uploads\/2025\/07\/header-nota-de-prensa.jpg\",\"width\":1920,\"height\":1080},{\"@type\":\"BreadcrumbList\",\"@id\":\"https:\/\/www.ikusi.com\/mx\/actualidad\/ikusi-participa-con-una-destacada-representacion-en-cisco-connect-latam-2024\/#breadcrumb\",\"itemListElement\":[{\"@type\":\"ListItem\",\"position\":1,\"name\":\"Portada\",\"item\":\"https:\/\/www.ikusi.com\/mx\/\"},{\"@type\":\"ListItem\",\"position\":2,\"name\":\"Sala de prensa\",\"item\":\"https:\/\/www.ikusi.com\/mx\/actualidad\/\"},{\"@type\":\"ListItem\",\"position\":3,\"name\":\"Ikusi participa con una destacada representaci\u00f3n en Cisco Connect Latam 2024\"}]},{\"@type\":\"WebSite\",\"@id\":\"https:\/\/www.ikusi.com\/mx\/#website\",\"url\":\"https:\/\/www.ikusi.com\/mx\/\",\"name\":\"Ikusi - Servicios de Digitalizaci\u00f3n y Ciberseguridad\",\"description\":\"\",\"publisher\":{\"@id\":\"https:\/\/www.ikusi.com\/mx\/#organization\"},\"potentialAction\":[{\"@type\":\"SearchAction\",\"target\":{\"@type\":\"EntryPoint\",\"urlTemplate\":\"https:\/\/www.ikusi.com\/mx\/?s={search_term_string}\"},\"query-input\":{\"@type\":\"PropertyValueSpecification\",\"valueRequired\":true,\"valueName\":\"search_term_string\"}}],\"inLanguage\":\"es\"},{\"@type\":\"Organization\",\"@id\":\"https:\/\/www.ikusi.com\/mx\/#organization\",\"name\":\"Ikusi\",\"url\":\"https:\/\/www.ikusi.com\/mx\/\",\"logo\":{\"@type\":\"ImageObject\",\"inLanguage\":\"es\",\"@id\":\"https:\/\/www.ikusi.com\/mx\/#\/schema\/logo\/image\/\",\"url\":\"https:\/\/www.ikusi.com\/wp-content\/uploads\/2025\/06\/logo-ikusi.svg\",\"contentUrl\":\"https:\/\/www.ikusi.com\/wp-content\/uploads\/2025\/06\/logo-ikusi.svg\",\"width\":1,\"height\":1,\"caption\":\"Ikusi\"},\"image\":{\"@id\":\"https:\/\/www.ikusi.com\/mx\/#\/schema\/logo\/image\/\"},\"sameAs\":[\"https:\/\/www.facebook.com\/IkusiVelatia\",\"https:\/\/x.com\/ikusi_espana\",\"https:\/\/www.instagram.com\/ikusi.velatia\/\",\"https:\/\/www.linkedin.com\/company\/ikusi\/\",\"https:\/\/www.youtube.com\/user\/IkusiGroup\"]}]}<\/script>\n<!-- \/ Yoast SEO plugin. -->","yoast_head_json":{"title":"Ikusi participa con una destacada representaci\u00f3n en Cisco Connect Latam 2024 - Ikusi","robots":{"index":"index","follow":"follow","max-snippet":"max-snippet:-1","max-image-preview":"max-image-preview:large","max-video-preview":"max-video-preview:-1"},"canonical":"https:\/\/www.ikusi.com\/mx\/actualidad\/ikusi-participa-con-una-destacada-representacion-en-cisco-connect-latam-2024\/","og_locale":"es_MX","og_type":"article","og_title":"Ikusi participa con una destacada representaci\u00f3n en Cisco Connect Latam 2024 - Ikusi","og_description":"Una vez m\u00e1s, la comunidad de profesionales de TI de Am\u00e9rica Latina se ha reunido en Canc\u00fan para participar en [&hellip;]","og_url":"https:\/\/www.ikusi.com\/mx\/actualidad\/ikusi-participa-con-una-destacada-representacion-en-cisco-connect-latam-2024\/","og_site_name":"Ikusi","article_publisher":"https:\/\/www.facebook.com\/IkusiVelatia","og_image":[{"width":1920,"height":1080,"url":"https:\/\/www.ikusi.com\/wp-content\/uploads\/2025\/07\/header-nota-de-prensa.jpg","type":"image\/jpeg"}],"twitter_card":"summary_large_image","twitter_site":"@ikusi_espana","twitter_misc":{"Tiempo de lectura":"2 minutos"},"schema":{"@context":"https:\/\/schema.org","@graph":[{"@type":"WebPage","@id":"https:\/\/www.ikusi.com\/mx\/actualidad\/ikusi-participa-con-una-destacada-representacion-en-cisco-connect-latam-2024\/","url":"https:\/\/www.ikusi.com\/mx\/actualidad\/ikusi-participa-con-una-destacada-representacion-en-cisco-connect-latam-2024\/","name":"Ikusi participa con una destacada representaci\u00f3n en Cisco Connect Latam 2024 - Ikusi","isPartOf":{"@id":"https:\/\/www.ikusi.com\/mx\/#website"},"primaryImageOfPage":{"@id":"https:\/\/www.ikusi.com\/mx\/actualidad\/ikusi-participa-con-una-destacada-representacion-en-cisco-connect-latam-2024\/#primaryimage"},"image":{"@id":"https:\/\/www.ikusi.com\/mx\/actualidad\/ikusi-participa-con-una-destacada-representacion-en-cisco-connect-latam-2024\/#primaryimage"},"thumbnailUrl":"https:\/\/www.ikusi.com\/wp-content\/uploads\/2025\/07\/header-nota-de-prensa.jpg","datePublished":"2024-09-13T16:22:52+00:00","breadcrumb":{"@id":"https:\/\/www.ikusi.com\/mx\/actualidad\/ikusi-participa-con-una-destacada-representacion-en-cisco-connect-latam-2024\/#breadcrumb"},"inLanguage":"es","potentialAction":[{"@type":"ReadAction","target":["https:\/\/www.ikusi.com\/mx\/actualidad\/ikusi-participa-con-una-destacada-representacion-en-cisco-connect-latam-2024\/"]}]},{"@type":"ImageObject","inLanguage":"es","@id":"https:\/\/www.ikusi.com\/mx\/actualidad\/ikusi-participa-con-una-destacada-representacion-en-cisco-connect-latam-2024\/#primaryimage","url":"https:\/\/www.ikusi.com\/wp-content\/uploads\/2025\/07\/header-nota-de-prensa.jpg","contentUrl":"https:\/\/www.ikusi.com\/wp-content\/uploads\/2025\/07\/header-nota-de-prensa.jpg","width":1920,"height":1080},{"@type":"BreadcrumbList","@id":"https:\/\/www.ikusi.com\/mx\/actualidad\/ikusi-participa-con-una-destacada-representacion-en-cisco-connect-latam-2024\/#breadcrumb","itemListElement":[{"@type":"ListItem","position":1,"name":"Portada","item":"https:\/\/www.ikusi.com\/mx\/"},{"@type":"ListItem","position":2,"name":"Sala de prensa","item":"https:\/\/www.ikusi.com\/mx\/actualidad\/"},{"@type":"ListItem","position":3,"name":"Ikusi participa con una destacada representaci\u00f3n en Cisco Connect Latam 2024"}]},{"@type":"WebSite","@id":"https:\/\/www.ikusi.com\/mx\/#website","url":"https:\/\/www.ikusi.com\/mx\/","name":"Ikusi - Servicios de Digitalizaci\u00f3n y Ciberseguridad","description":"","publisher":{"@id":"https:\/\/www.ikusi.com\/mx\/#organization"},"potentialAction":[{"@type":"SearchAction","target":{"@type":"EntryPoint","urlTemplate":"https:\/\/www.ikusi.com\/mx\/?s={search_term_string}"},"query-input":{"@type":"PropertyValueSpecification","valueRequired":true,"valueName":"search_term_string"}}],"inLanguage":"es"},{"@type":"Organization","@id":"https:\/\/www.ikusi.com\/mx\/#organization","name":"Ikusi","url":"https:\/\/www.ikusi.com\/mx\/","logo":{"@type":"ImageObject","inLanguage":"es","@id":"https:\/\/www.ikusi.com\/mx\/#\/schema\/logo\/image\/","url":"https:\/\/www.ikusi.com\/wp-content\/uploads\/2025\/06\/logo-ikusi.svg","contentUrl":"https:\/\/www.ikusi.com\/wp-content\/uploads\/2025\/06\/logo-ikusi.svg","width":1,"height":1,"caption":"Ikusi"},"image":{"@id":"https:\/\/www.ikusi.com\/mx\/#\/schema\/logo\/image\/"},"sameAs":["https:\/\/www.facebook.com\/IkusiVelatia","https:\/\/x.com\/ikusi_espana","https:\/\/www.instagram.com\/ikusi.velatia\/","https:\/\/www.linkedin.com\/company\/ikusi\/","https:\/\/www.youtube.com\/user\/IkusiGroup"]}]}},"_links":{"self":[{"href":"https:\/\/www.ikusi.com\/mx\/wp-json\/wp\/v2\/actualidad\/16749","targetHints":{"allow":["GET"]}}],"collection":[{"href":"https:\/\/www.ikusi.com\/mx\/wp-json\/wp\/v2\/actualidad"}],"about":[{"href":"https:\/\/www.ikusi.com\/mx\/wp-json\/wp\/v2\/types\/actualidad"}],"wp:featuredmedia":[{"embeddable":true,"href":"https:\/\/www.ikusi.com\/mx\/wp-json\/wp\/v2\/media\/17905"}],"wp:attachment":[{"href":"https:\/\/www.ikusi.com\/mx\/wp-json\/wp\/v2\/media?parent=16749"}],"wp:term":[{"taxonomy":"categorias","embeddable":true,"href":"https:\/\/www.ikusi.com\/mx\/wp-json\/wp\/v2\/categorias?post=16749"}],"curies":[{"name":"wp","href":"https:\/\/api.w.org\/{rel}","templated":true}]}}