{"id":21430,"date":"2025-07-21T01:22:57","date_gmt":"2025-07-21T01:22:57","guid":{"rendered":"https:\/\/www.ikusi.com\/actualidad\/ikusi-participara-en-andicom-2025\/"},"modified":"2025-07-21T01:22:57","modified_gmt":"2025-07-21T01:22:57","slug":"ikusi-participara-en-andicom-2025","status":"publish","type":"actualidad","link":"https:\/\/www.ikusi.com\/mx\/actualidad\/ikusi-participara-en-andicom-2025\/","title":{"rendered":"Ikusi participar\u00e1 en Andicom 2025"},"content":{"rendered":"\n<p>Ikusi confirma su participaci\u00f3n en Andicom 2025, el evento empresarial y tecnol\u00f3gico m\u00e1s relevante de Colombia y Am\u00e9rica Latina en el \u00e1mbito de la transformaci\u00f3n digital y la innovaci\u00f3n tecnol\u00f3gica. Este congreso se celebrar\u00e1 del 3 al 5 de septiembre en la ciudad de Cartagena de Indias, bajo el lema \u00abUnlocking a digital future\u00bb.<\/p>\n\n\n\n<p>Este a\u00f1o, Andicom celebra su 40\u00ba aniversario, y en esta edici\u00f3n tan especial, Ikusi contar\u00e1 con el patrocinio de Cisco y F5, lo que permitir\u00e1 una participaci\u00f3n a\u00fan m\u00e1s destacada y robusta dentro del evento.<\/p>\n\n\n\n<p>Adem\u00e1s, por primera vez llevaremos a 30 clientes de diferentes verticales \u2014gobierno, financiero, educaci\u00f3n y retail\u2014 para que vivan de primera mano esta experiencia \u00fanica de innovaci\u00f3n, conocimiento y networking.<\/p>\n\n\n\n<p>Como cada a\u00f1o, Andicom reunir\u00e1 a l\u00edderes del sector p\u00fablico y privado, expertos tecnol\u00f3gicos, startups y compa\u00f1\u00edas internacionales para debatir los retos y oportunidades del ecosistema digital. Este encuentro se ha consolidado como un referente clave en la regi\u00f3n para explorar tendencias como la ciberseguridad, el Internet de las Cosas (IoT), la inteligencia artificial o la automatizaci\u00f3n de procesos.<\/p>\n\n\n\n<p>Ikusi, como actor estrat\u00e9gico en este entorno, presentar\u00e1 sus soluciones tecnol\u00f3gicas avanzadas orientadas a impulsar la digitalizaci\u00f3n segura y la eficiencia operativa en organizaciones de distintos sectores. Adem\u00e1s, participar\u00e1 en espacios de networking y paneles especializados donde compartir\u00e1 su experiencia en infraestructura digital, redes seguras y servicios gestionados.<\/p>\n\n\n\n<p>La presencia de Ikusi en Andicom 2025 refuerza su compromiso con el desarrollo tecnol\u00f3gico sostenible y con la transformaci\u00f3n digital de empresas e instituciones en toda Am\u00e9rica Latina.<\/p>\n\n\n\n<p>\ud83d\udd17 Para m\u00e1s informaci\u00f3n sobre el evento, visita el sitio oficial de <a href=\"http:\/\/Ikusi confirma su participaci\u00f3n en Andicom 2025, el evento empresarial y tecnol\u00f3gico m\u00e1s relevante de Colombia y Am\u00e9rica Latina en el \u00e1mbito de la transformaci\u00f3n digital y la innovaci\u00f3n tecnol\u00f3gica. Este congreso se celebrar\u00e1 del 3 al 5 de septiembre en la ciudad de Cartagena de Indias, bajo el lema \u00abUnlocking a digital future\u00bb.  Este a\u00f1o, Andicom celebra su 40\u00ba aniversario, y en esta edici\u00f3n tan especial, Ikusi contar\u00e1 con el patrocinio de Cisco y F5, lo que permitir\u00e1 una participaci\u00f3n a\u00fan m\u00e1s destacada y robusta dentro del evento.  Adem\u00e1s, por primera vez llevaremos a 30 clientes de diferentes verticales \u2014gobierno, financiero, educaci\u00f3n y retail\u2014 para que vivan de primera mano esta experiencia \u00fanica de innovaci\u00f3n, conocimiento y networking.  Como cada a\u00f1o, Andicom reunir\u00e1 a l\u00edderes del sector p\u00fablico y privado, expertos tecnol\u00f3gicos, startups y compa\u00f1\u00edas internacionales para debatir los retos y oportunidades del ecosistema digital. Este encuentro se ha consolidado como un referente clave en la regi\u00f3n para explorar tendencias como la ciberseguridad, el Internet de las Cosas (IoT), la inteligencia artificial o la automatizaci\u00f3n de procesos.  Ikusi, como actor estrat\u00e9gico en este entorno, presentar\u00e1 sus soluciones tecnol\u00f3gicas avanzadas orientadas a impulsar la digitalizaci\u00f3n segura y la eficiencia operativa en organizaciones de distintos sectores. Adem\u00e1s, participar\u00e1 en espacios de networking y paneles especializados donde compartir\u00e1 su experiencia en infraestructura digital, redes seguras y servicios gestionados.  La presencia de Ikusi en Andicom 2025 refuerza su compromiso con el desarrollo tecnol\u00f3gico sostenible y con la transformaci\u00f3n digital de empresas e instituciones en toda Am\u00e9rica Latina.         \ud83d\udd17 Para m\u00e1s informaci\u00f3n sobre el evento, visita el sitio oficial de Andicom\" target=\"_blank\" rel=\"noreferrer noopener\">Andicom<\/a> <\/p>\n","protected":false},"featured_media":21425,"template":"","categorias":[168],"class_list":["post-21430","actualidad","type-actualidad","status-publish","has-post-thumbnail","hentry","categorias-eventos"],"acf":[],"yoast_head":"<!-- This site is optimized with the Yoast SEO plugin v25.9 - https:\/\/yoast.com\/wordpress\/plugins\/seo\/ -->\n<title>Ikusi participar\u00e1 en Andicom 2025 - Ikusi<\/title>\n<meta name=\"robots\" content=\"index, follow, max-snippet:-1, max-image-preview:large, max-video-preview:-1\" \/>\n<link rel=\"canonical\" href=\"https:\/\/www.ikusi.com\/mx\/actualidad\/ikusi-participara-en-andicom-2025\/\" \/>\n<meta property=\"og:locale\" content=\"es_MX\" \/>\n<meta property=\"og:type\" content=\"article\" \/>\n<meta property=\"og:title\" content=\"Ikusi participar\u00e1 en Andicom 2025 - Ikusi\" \/>\n<meta property=\"og:description\" content=\"Ikusi confirma su participaci\u00f3n en Andicom 2025, el evento empresarial y tecnol\u00f3gico m\u00e1s relevante de Colombia y Am\u00e9rica Latina en [&hellip;]\" \/>\n<meta property=\"og:url\" content=\"https:\/\/www.ikusi.com\/mx\/actualidad\/ikusi-participara-en-andicom-2025\/\" \/>\n<meta property=\"og:site_name\" content=\"Ikusi\" \/>\n<meta property=\"article:publisher\" content=\"https:\/\/www.facebook.com\/IkusiVelatia\" \/>\n<meta property=\"og:image\" content=\"https:\/\/www.ikusi.com\/wp-content\/uploads\/2025\/07\/ANDICOM_Ikusi.jpg\" \/>\n\t<meta property=\"og:image:width\" content=\"1940\" \/>\n\t<meta property=\"og:image:height\" content=\"1748\" \/>\n\t<meta property=\"og:image:type\" content=\"image\/jpeg\" \/>\n<meta name=\"twitter:card\" content=\"summary_large_image\" \/>\n<meta name=\"twitter:site\" content=\"@ikusi_espana\" \/>\n<meta name=\"twitter:label1\" content=\"Tiempo de lectura\" \/>\n\t<meta name=\"twitter:data1\" content=\"1 minuto\" \/>\n<script type=\"application\/ld+json\" class=\"yoast-schema-graph\">{\"@context\":\"https:\/\/schema.org\",\"@graph\":[{\"@type\":\"WebPage\",\"@id\":\"https:\/\/www.ikusi.com\/mx\/actualidad\/ikusi-participara-en-andicom-2025\/\",\"url\":\"https:\/\/www.ikusi.com\/mx\/actualidad\/ikusi-participara-en-andicom-2025\/\",\"name\":\"Ikusi participar\u00e1 en Andicom 2025 - Ikusi\",\"isPartOf\":{\"@id\":\"https:\/\/www.ikusi.com\/mx\/#website\"},\"primaryImageOfPage\":{\"@id\":\"https:\/\/www.ikusi.com\/mx\/actualidad\/ikusi-participara-en-andicom-2025\/#primaryimage\"},\"image\":{\"@id\":\"https:\/\/www.ikusi.com\/mx\/actualidad\/ikusi-participara-en-andicom-2025\/#primaryimage\"},\"thumbnailUrl\":\"https:\/\/www.ikusi.com\/wp-content\/uploads\/2025\/07\/ANDICOM_Ikusi.jpg\",\"datePublished\":\"2025-07-21T01:22:57+00:00\",\"breadcrumb\":{\"@id\":\"https:\/\/www.ikusi.com\/mx\/actualidad\/ikusi-participara-en-andicom-2025\/#breadcrumb\"},\"inLanguage\":\"es\",\"potentialAction\":[{\"@type\":\"ReadAction\",\"target\":[\"https:\/\/www.ikusi.com\/mx\/actualidad\/ikusi-participara-en-andicom-2025\/\"]}]},{\"@type\":\"ImageObject\",\"inLanguage\":\"es\",\"@id\":\"https:\/\/www.ikusi.com\/mx\/actualidad\/ikusi-participara-en-andicom-2025\/#primaryimage\",\"url\":\"https:\/\/www.ikusi.com\/wp-content\/uploads\/2025\/07\/ANDICOM_Ikusi.jpg\",\"contentUrl\":\"https:\/\/www.ikusi.com\/wp-content\/uploads\/2025\/07\/ANDICOM_Ikusi.jpg\",\"width\":1940,\"height\":1748},{\"@type\":\"BreadcrumbList\",\"@id\":\"https:\/\/www.ikusi.com\/mx\/actualidad\/ikusi-participara-en-andicom-2025\/#breadcrumb\",\"itemListElement\":[{\"@type\":\"ListItem\",\"position\":1,\"name\":\"Portada\",\"item\":\"https:\/\/www.ikusi.com\/mx\/\"},{\"@type\":\"ListItem\",\"position\":2,\"name\":\"Sala de prensa\",\"item\":\"https:\/\/www.ikusi.com\/mx\/actualidad\/\"},{\"@type\":\"ListItem\",\"position\":3,\"name\":\"Ikusi participar\u00e1 en Andicom 2025\"}]},{\"@type\":\"WebSite\",\"@id\":\"https:\/\/www.ikusi.com\/mx\/#website\",\"url\":\"https:\/\/www.ikusi.com\/mx\/\",\"name\":\"Ikusi - Servicios de Digitalizaci\u00f3n y Ciberseguridad\",\"description\":\"\",\"publisher\":{\"@id\":\"https:\/\/www.ikusi.com\/mx\/#organization\"},\"potentialAction\":[{\"@type\":\"SearchAction\",\"target\":{\"@type\":\"EntryPoint\",\"urlTemplate\":\"https:\/\/www.ikusi.com\/mx\/?s={search_term_string}\"},\"query-input\":{\"@type\":\"PropertyValueSpecification\",\"valueRequired\":true,\"valueName\":\"search_term_string\"}}],\"inLanguage\":\"es\"},{\"@type\":\"Organization\",\"@id\":\"https:\/\/www.ikusi.com\/mx\/#organization\",\"name\":\"Ikusi\",\"url\":\"https:\/\/www.ikusi.com\/mx\/\",\"logo\":{\"@type\":\"ImageObject\",\"inLanguage\":\"es\",\"@id\":\"https:\/\/www.ikusi.com\/mx\/#\/schema\/logo\/image\/\",\"url\":\"https:\/\/www.ikusi.com\/wp-content\/uploads\/2025\/06\/logo-ikusi.svg\",\"contentUrl\":\"https:\/\/www.ikusi.com\/wp-content\/uploads\/2025\/06\/logo-ikusi.svg\",\"width\":1,\"height\":1,\"caption\":\"Ikusi\"},\"image\":{\"@id\":\"https:\/\/www.ikusi.com\/mx\/#\/schema\/logo\/image\/\"},\"sameAs\":[\"https:\/\/www.facebook.com\/IkusiVelatia\",\"https:\/\/x.com\/ikusi_espana\",\"https:\/\/www.instagram.com\/ikusi.velatia\/\",\"https:\/\/www.linkedin.com\/company\/ikusi\/\",\"https:\/\/www.youtube.com\/user\/IkusiGroup\"]}]}<\/script>\n<!-- \/ Yoast SEO plugin. -->","yoast_head_json":{"title":"Ikusi participar\u00e1 en Andicom 2025 - Ikusi","robots":{"index":"index","follow":"follow","max-snippet":"max-snippet:-1","max-image-preview":"max-image-preview:large","max-video-preview":"max-video-preview:-1"},"canonical":"https:\/\/www.ikusi.com\/mx\/actualidad\/ikusi-participara-en-andicom-2025\/","og_locale":"es_MX","og_type":"article","og_title":"Ikusi participar\u00e1 en Andicom 2025 - Ikusi","og_description":"Ikusi confirma su participaci\u00f3n en Andicom 2025, el evento empresarial y tecnol\u00f3gico m\u00e1s relevante de Colombia y Am\u00e9rica Latina en [&hellip;]","og_url":"https:\/\/www.ikusi.com\/mx\/actualidad\/ikusi-participara-en-andicom-2025\/","og_site_name":"Ikusi","article_publisher":"https:\/\/www.facebook.com\/IkusiVelatia","og_image":[{"width":1940,"height":1748,"url":"https:\/\/www.ikusi.com\/wp-content\/uploads\/2025\/07\/ANDICOM_Ikusi.jpg","type":"image\/jpeg"}],"twitter_card":"summary_large_image","twitter_site":"@ikusi_espana","twitter_misc":{"Tiempo de lectura":"1 minuto"},"schema":{"@context":"https:\/\/schema.org","@graph":[{"@type":"WebPage","@id":"https:\/\/www.ikusi.com\/mx\/actualidad\/ikusi-participara-en-andicom-2025\/","url":"https:\/\/www.ikusi.com\/mx\/actualidad\/ikusi-participara-en-andicom-2025\/","name":"Ikusi participar\u00e1 en Andicom 2025 - Ikusi","isPartOf":{"@id":"https:\/\/www.ikusi.com\/mx\/#website"},"primaryImageOfPage":{"@id":"https:\/\/www.ikusi.com\/mx\/actualidad\/ikusi-participara-en-andicom-2025\/#primaryimage"},"image":{"@id":"https:\/\/www.ikusi.com\/mx\/actualidad\/ikusi-participara-en-andicom-2025\/#primaryimage"},"thumbnailUrl":"https:\/\/www.ikusi.com\/wp-content\/uploads\/2025\/07\/ANDICOM_Ikusi.jpg","datePublished":"2025-07-21T01:22:57+00:00","breadcrumb":{"@id":"https:\/\/www.ikusi.com\/mx\/actualidad\/ikusi-participara-en-andicom-2025\/#breadcrumb"},"inLanguage":"es","potentialAction":[{"@type":"ReadAction","target":["https:\/\/www.ikusi.com\/mx\/actualidad\/ikusi-participara-en-andicom-2025\/"]}]},{"@type":"ImageObject","inLanguage":"es","@id":"https:\/\/www.ikusi.com\/mx\/actualidad\/ikusi-participara-en-andicom-2025\/#primaryimage","url":"https:\/\/www.ikusi.com\/wp-content\/uploads\/2025\/07\/ANDICOM_Ikusi.jpg","contentUrl":"https:\/\/www.ikusi.com\/wp-content\/uploads\/2025\/07\/ANDICOM_Ikusi.jpg","width":1940,"height":1748},{"@type":"BreadcrumbList","@id":"https:\/\/www.ikusi.com\/mx\/actualidad\/ikusi-participara-en-andicom-2025\/#breadcrumb","itemListElement":[{"@type":"ListItem","position":1,"name":"Portada","item":"https:\/\/www.ikusi.com\/mx\/"},{"@type":"ListItem","position":2,"name":"Sala de prensa","item":"https:\/\/www.ikusi.com\/mx\/actualidad\/"},{"@type":"ListItem","position":3,"name":"Ikusi participar\u00e1 en Andicom 2025"}]},{"@type":"WebSite","@id":"https:\/\/www.ikusi.com\/mx\/#website","url":"https:\/\/www.ikusi.com\/mx\/","name":"Ikusi - Servicios de Digitalizaci\u00f3n y Ciberseguridad","description":"","publisher":{"@id":"https:\/\/www.ikusi.com\/mx\/#organization"},"potentialAction":[{"@type":"SearchAction","target":{"@type":"EntryPoint","urlTemplate":"https:\/\/www.ikusi.com\/mx\/?s={search_term_string}"},"query-input":{"@type":"PropertyValueSpecification","valueRequired":true,"valueName":"search_term_string"}}],"inLanguage":"es"},{"@type":"Organization","@id":"https:\/\/www.ikusi.com\/mx\/#organization","name":"Ikusi","url":"https:\/\/www.ikusi.com\/mx\/","logo":{"@type":"ImageObject","inLanguage":"es","@id":"https:\/\/www.ikusi.com\/mx\/#\/schema\/logo\/image\/","url":"https:\/\/www.ikusi.com\/wp-content\/uploads\/2025\/06\/logo-ikusi.svg","contentUrl":"https:\/\/www.ikusi.com\/wp-content\/uploads\/2025\/06\/logo-ikusi.svg","width":1,"height":1,"caption":"Ikusi"},"image":{"@id":"https:\/\/www.ikusi.com\/mx\/#\/schema\/logo\/image\/"},"sameAs":["https:\/\/www.facebook.com\/IkusiVelatia","https:\/\/x.com\/ikusi_espana","https:\/\/www.instagram.com\/ikusi.velatia\/","https:\/\/www.linkedin.com\/company\/ikusi\/","https:\/\/www.youtube.com\/user\/IkusiGroup"]}]}},"_links":{"self":[{"href":"https:\/\/www.ikusi.com\/mx\/wp-json\/wp\/v2\/actualidad\/21430","targetHints":{"allow":["GET"]}}],"collection":[{"href":"https:\/\/www.ikusi.com\/mx\/wp-json\/wp\/v2\/actualidad"}],"about":[{"href":"https:\/\/www.ikusi.com\/mx\/wp-json\/wp\/v2\/types\/actualidad"}],"wp:featuredmedia":[{"embeddable":true,"href":"https:\/\/www.ikusi.com\/mx\/wp-json\/wp\/v2\/media\/21425"}],"wp:attachment":[{"href":"https:\/\/www.ikusi.com\/mx\/wp-json\/wp\/v2\/media?parent=21430"}],"wp:term":[{"taxonomy":"categorias","embeddable":true,"href":"https:\/\/www.ikusi.com\/mx\/wp-json\/wp\/v2\/categorias?post=21430"}],"curies":[{"name":"wp","href":"https:\/\/api.w.org\/{rel}","templated":true}]}}