{"id":24965,"date":"2025-12-10T12:02:14","date_gmt":"2025-12-10T12:02:14","guid":{"rendered":"https:\/\/www.ikusi.com\/?post_type=actualidad&#038;p=24965"},"modified":"2025-12-12T08:43:45","modified_gmt":"2025-12-12T08:43:45","slug":"reconocimiento-socios-formadores-ikusivelatiatec-monterrey","status":"publish","type":"actualidad","link":"https:\/\/www.ikusi.com\/mx\/actualidad\/reconocimiento-socios-formadores-ikusivelatiatec-monterrey\/","title":{"rendered":"Ikusi en el acto de reconocimiento a Socios Formadores del TEC de Monterrey"},"content":{"rendered":"\n<div class=\"wp-block-group is-layout-constrained wp-block-group-is-layout-constrained\">\n<p><\/p>\n\n\n\n<p>El pasado 8 de diciembre tuvo lugar en la Sala Mayor de Rector\u00eda del Campus Monterrey el acto de reconocimiento a los socios formadores, entre los cuales se encuentra Ikusi.<\/p>\n<\/div>\n\n\n\n<p>Como afirm\u00f3 Gustavo Valdez, director general de Ikusi M\u00e9xico, en su discurso de agradecimiento, \u201cPara Ikusi\u2011Velatia, ser Socio Formador no es un t\u00edtulo: es un compromiso vivo con la formaci\u00f3n integral de las y los estudiantes. Desde 2021 iniciamos, junto con el Tec, la planeaci\u00f3n de actividades acad\u00e9micas y de acompa\u00f1amiento. Este esfuerzo creci\u00f3 en 2022 y se consolid\u00f3 en 2023\u20132025, con m\u00e1s grupos, m\u00e1s materias y m\u00e1s horas de mentor\u00eda por ingeniero, reforzando el enfoque en los Retos Tec21 y el aprendizaje basado en proyectos reales.<\/p>\n\n\n\n<p>Los resultados de esta colaboraci\u00f3n trascienden el aula: fortalecimos competencias en redes, centros de datos y ciberseguridad; acercamos tecnolog\u00edas y casos de uso vigentes; y abrimos espacios para que el talento del Tec se integre a pr\u00e1cticas y posiciones en Ikusi\u2011Velatia.<\/p>\n\n\n\n<p>Queremos que m\u00e1s estudiantes descubran su vocaci\u00f3n en estos retos y que m\u00e1s profesoras y profesores encuentren en nosotros un aliado confiable para innovar en la ense\u00f1anza\u201d.<\/p>\n\n\n\n<figure class=\"wp-block-image aligncenter size-large is-resized\"><img decoding=\"async\" width=\"1024\" height=\"768\" src=\"https:\/\/www.ikusi.com\/wp-content\/uploads\/2025\/12\/Foto-08-12-25-5-39-47-pm-1024x768.jpg\" alt=\"Equipo de Ikusi M\u00e9xico \" class=\"wp-image-24962\" style=\"aspect-ratio:4\/3;object-fit:cover;width:933px;height:auto\" srcset=\"https:\/\/www.ikusi.com\/wp-content\/uploads\/2025\/12\/Foto-08-12-25-5-39-47-pm-1024x768.jpg 1024w, https:\/\/www.ikusi.com\/wp-content\/uploads\/2025\/12\/Foto-08-12-25-5-39-47-pm-300x225.jpg 300w, https:\/\/www.ikusi.com\/wp-content\/uploads\/2025\/12\/Foto-08-12-25-5-39-47-pm-768x576.jpg 768w, https:\/\/www.ikusi.com\/wp-content\/uploads\/2025\/12\/Foto-08-12-25-5-39-47-pm-1536x1152.jpg 1536w, https:\/\/www.ikusi.com\/wp-content\/uploads\/2025\/12\/Foto-08-12-25-5-39-47-pm-2048x1536.jpg 2048w, https:\/\/www.ikusi.com\/wp-content\/uploads\/2025\/12\/Foto-08-12-25-5-39-47-pm-1940x1455.jpg 1940w, https:\/\/www.ikusi.com\/wp-content\/uploads\/2025\/12\/Foto-08-12-25-5-39-47-pm-1400x1050.jpg 1400w, https:\/\/www.ikusi.com\/wp-content\/uploads\/2025\/12\/Foto-08-12-25-5-39-47-pm-1200x900.jpg 1200w, https:\/\/www.ikusi.com\/wp-content\/uploads\/2025\/12\/Foto-08-12-25-5-39-47-pm-1000x750.jpg 1000w, https:\/\/www.ikusi.com\/wp-content\/uploads\/2025\/12\/Foto-08-12-25-5-39-47-pm-900x675.jpg 900w, https:\/\/www.ikusi.com\/wp-content\/uploads\/2025\/12\/Foto-08-12-25-5-39-47-pm-600x450.jpg 600w, https:\/\/www.ikusi.com\/wp-content\/uploads\/2025\/12\/Foto-08-12-25-5-39-47-pm-400x300.jpg 400w\" sizes=\"(max-width: 1024px) 100vw, 1024px\" \/><\/figure>\n\n\n\n<h2 class=\"wp-block-heading\">Ikusi y Velatia, reto de ciberseguridad en su calidad de socio formador del TEC<\/h2>\n\n\n\n<p>En l\u00ednea con la colaboraci\u00f3n que mantiene Ikusi con el Tecnol\u00f3gico de Monterrey como socio formador, el pasado 3 de diciembre se llev\u00f3 a cabo un nuevo evento enfocado en ciberseguridad.<\/p>\n\n\n\n<p>Como parte del programa, ingenieros de Ikusi asesoraron y guiaron a los alumnos durante un semestre, ayud\u00e1ndolos a aplicar la tecnolog\u00eda en proyectos reales.<\/p>\n\n\n\n<p><\/p>\n\n\n\n<p><\/p>\n","protected":false},"featured_media":24958,"template":"","categorias":[],"class_list":["post-24965","actualidad","type-actualidad","status-publish","has-post-thumbnail","hentry"],"acf":[],"yoast_head":"<!-- This site is optimized with the Yoast SEO plugin v25.9 - https:\/\/yoast.com\/wordpress\/plugins\/seo\/ -->\n<title>Reconocimiento a Socios Formadores 2023-2025 | Ikusi-Velatia<\/title>\n<meta name=\"description\" content=\"Ikusi Velatia recibi\u00f3 el Reconocimiento a Socios Formadores 2023-2025 del Tecnol\u00f3gico de Monterrey. Lee el discurso completo.\" \/>\n<meta name=\"robots\" content=\"index, follow, max-snippet:-1, max-image-preview:large, max-video-preview:-1\" \/>\n<link rel=\"canonical\" href=\"https:\/\/www.ikusi.com\/mx\/actualidad\/reconocimiento-socios-formadores-ikusivelatiatec-monterrey\/\" \/>\n<meta property=\"og:locale\" content=\"es_MX\" \/>\n<meta property=\"og:type\" content=\"article\" \/>\n<meta property=\"og:title\" content=\"Reconocimiento a Socios Formadores 2023-2025 | Ikusi-Velatia\" \/>\n<meta property=\"og:description\" content=\"Ikusi Velatia recibi\u00f3 el Reconocimiento a Socios Formadores 2023-2025 del Tecnol\u00f3gico de Monterrey. Lee el discurso completo.\" \/>\n<meta property=\"og:url\" content=\"https:\/\/www.ikusi.com\/mx\/actualidad\/reconocimiento-socios-formadores-ikusivelatiatec-monterrey\/\" \/>\n<meta property=\"og:site_name\" content=\"Ikusi\" \/>\n<meta property=\"article:publisher\" content=\"https:\/\/www.facebook.com\/IkusiVelatia\" \/>\n<meta property=\"article:modified_time\" content=\"2025-12-12T08:43:45+00:00\" \/>\n<meta property=\"og:image\" content=\"https:\/\/www.ikusi.com\/wp-content\/uploads\/2025\/12\/Foto-08-12-25-5-26-32-pm-e1765528869771.jpg\" \/>\n\t<meta property=\"og:image:width\" content=\"1920\" \/>\n\t<meta property=\"og:image:height\" content=\"2560\" \/>\n\t<meta property=\"og:image:type\" content=\"image\/jpeg\" \/>\n<meta name=\"twitter:card\" content=\"summary_large_image\" \/>\n<meta name=\"twitter:site\" content=\"@ikusi_espana\" \/>\n<meta name=\"twitter:label1\" content=\"Tiempo de lectura\" \/>\n\t<meta name=\"twitter:data1\" content=\"3 minutos\" \/>\n<script type=\"application\/ld+json\" class=\"yoast-schema-graph\">{\"@context\":\"https:\/\/schema.org\",\"@graph\":[{\"@type\":\"WebPage\",\"@id\":\"https:\/\/www.ikusi.com\/mx\/actualidad\/reconocimiento-socios-formadores-ikusivelatiatec-monterrey\/\",\"url\":\"https:\/\/www.ikusi.com\/mx\/actualidad\/reconocimiento-socios-formadores-ikusivelatiatec-monterrey\/\",\"name\":\"Reconocimiento a Socios Formadores 2023-2025 | Ikusi-Velatia\",\"isPartOf\":{\"@id\":\"https:\/\/www.ikusi.com\/mx\/#website\"},\"primaryImageOfPage\":{\"@id\":\"https:\/\/www.ikusi.com\/mx\/actualidad\/reconocimiento-socios-formadores-ikusivelatiatec-monterrey\/#primaryimage\"},\"image\":{\"@id\":\"https:\/\/www.ikusi.com\/mx\/actualidad\/reconocimiento-socios-formadores-ikusivelatiatec-monterrey\/#primaryimage\"},\"thumbnailUrl\":\"https:\/\/www.ikusi.com\/wp-content\/uploads\/2025\/12\/Foto-08-12-25-5-26-32-pm-e1765528869771.jpg\",\"datePublished\":\"2025-12-10T12:02:14+00:00\",\"dateModified\":\"2025-12-12T08:43:45+00:00\",\"description\":\"Ikusi Velatia recibi\u00f3 el Reconocimiento a Socios Formadores 2023-2025 del Tecnol\u00f3gico de Monterrey. Lee el discurso completo.\",\"breadcrumb\":{\"@id\":\"https:\/\/www.ikusi.com\/mx\/actualidad\/reconocimiento-socios-formadores-ikusivelatiatec-monterrey\/#breadcrumb\"},\"inLanguage\":\"es\",\"potentialAction\":[{\"@type\":\"ReadAction\",\"target\":[\"https:\/\/www.ikusi.com\/mx\/actualidad\/reconocimiento-socios-formadores-ikusivelatiatec-monterrey\/\"]}]},{\"@type\":\"ImageObject\",\"inLanguage\":\"es\",\"@id\":\"https:\/\/www.ikusi.com\/mx\/actualidad\/reconocimiento-socios-formadores-ikusivelatiatec-monterrey\/#primaryimage\",\"url\":\"https:\/\/www.ikusi.com\/wp-content\/uploads\/2025\/12\/Foto-08-12-25-5-26-32-pm-e1765528869771.jpg\",\"contentUrl\":\"https:\/\/www.ikusi.com\/wp-content\/uploads\/2025\/12\/Foto-08-12-25-5-26-32-pm-e1765528869771.jpg\",\"width\":1920,\"height\":2560,\"caption\":\"Gustav Valdez\"},{\"@type\":\"BreadcrumbList\",\"@id\":\"https:\/\/www.ikusi.com\/mx\/actualidad\/reconocimiento-socios-formadores-ikusivelatiatec-monterrey\/#breadcrumb\",\"itemListElement\":[{\"@type\":\"ListItem\",\"position\":1,\"name\":\"Portada\",\"item\":\"https:\/\/www.ikusi.com\/mx\/\"},{\"@type\":\"ListItem\",\"position\":2,\"name\":\"Sala de prensa\",\"item\":\"https:\/\/www.ikusi.com\/mx\/actualidad\/\"},{\"@type\":\"ListItem\",\"position\":3,\"name\":\"Ikusi en el acto de reconocimiento a Socios Formadores del TEC de Monterrey\"}]},{\"@type\":\"WebSite\",\"@id\":\"https:\/\/www.ikusi.com\/mx\/#website\",\"url\":\"https:\/\/www.ikusi.com\/mx\/\",\"name\":\"Ikusi - Servicios de Digitalizaci\u00f3n y Ciberseguridad\",\"description\":\"\",\"publisher\":{\"@id\":\"https:\/\/www.ikusi.com\/mx\/#organization\"},\"potentialAction\":[{\"@type\":\"SearchAction\",\"target\":{\"@type\":\"EntryPoint\",\"urlTemplate\":\"https:\/\/www.ikusi.com\/mx\/?s={search_term_string}\"},\"query-input\":{\"@type\":\"PropertyValueSpecification\",\"valueRequired\":true,\"valueName\":\"search_term_string\"}}],\"inLanguage\":\"es\"},{\"@type\":\"Organization\",\"@id\":\"https:\/\/www.ikusi.com\/mx\/#organization\",\"name\":\"Ikusi\",\"url\":\"https:\/\/www.ikusi.com\/mx\/\",\"logo\":{\"@type\":\"ImageObject\",\"inLanguage\":\"es\",\"@id\":\"https:\/\/www.ikusi.com\/mx\/#\/schema\/logo\/image\/\",\"url\":\"https:\/\/www.ikusi.com\/wp-content\/uploads\/2025\/06\/logo-ikusi.svg\",\"contentUrl\":\"https:\/\/www.ikusi.com\/wp-content\/uploads\/2025\/06\/logo-ikusi.svg\",\"width\":1,\"height\":1,\"caption\":\"Ikusi\"},\"image\":{\"@id\":\"https:\/\/www.ikusi.com\/mx\/#\/schema\/logo\/image\/\"},\"sameAs\":[\"https:\/\/www.facebook.com\/IkusiVelatia\",\"https:\/\/x.com\/ikusi_espana\",\"https:\/\/www.instagram.com\/ikusi.velatia\/\",\"https:\/\/www.linkedin.com\/company\/ikusi\/\",\"https:\/\/www.youtube.com\/user\/IkusiGroup\"]}]}<\/script>\n<!-- \/ Yoast SEO plugin. -->","yoast_head_json":{"title":"Reconocimiento a Socios Formadores 2023-2025 | Ikusi-Velatia","description":"Ikusi Velatia recibi\u00f3 el Reconocimiento a Socios Formadores 2023-2025 del Tecnol\u00f3gico de Monterrey. Lee el discurso completo.","robots":{"index":"index","follow":"follow","max-snippet":"max-snippet:-1","max-image-preview":"max-image-preview:large","max-video-preview":"max-video-preview:-1"},"canonical":"https:\/\/www.ikusi.com\/mx\/actualidad\/reconocimiento-socios-formadores-ikusivelatiatec-monterrey\/","og_locale":"es_MX","og_type":"article","og_title":"Reconocimiento a Socios Formadores 2023-2025 | Ikusi-Velatia","og_description":"Ikusi Velatia recibi\u00f3 el Reconocimiento a Socios Formadores 2023-2025 del Tecnol\u00f3gico de Monterrey. Lee el discurso completo.","og_url":"https:\/\/www.ikusi.com\/mx\/actualidad\/reconocimiento-socios-formadores-ikusivelatiatec-monterrey\/","og_site_name":"Ikusi","article_publisher":"https:\/\/www.facebook.com\/IkusiVelatia","article_modified_time":"2025-12-12T08:43:45+00:00","og_image":[{"width":1920,"height":2560,"url":"https:\/\/www.ikusi.com\/wp-content\/uploads\/2025\/12\/Foto-08-12-25-5-26-32-pm-e1765528869771.jpg","type":"image\/jpeg"}],"twitter_card":"summary_large_image","twitter_site":"@ikusi_espana","twitter_misc":{"Tiempo de lectura":"3 minutos"},"schema":{"@context":"https:\/\/schema.org","@graph":[{"@type":"WebPage","@id":"https:\/\/www.ikusi.com\/mx\/actualidad\/reconocimiento-socios-formadores-ikusivelatiatec-monterrey\/","url":"https:\/\/www.ikusi.com\/mx\/actualidad\/reconocimiento-socios-formadores-ikusivelatiatec-monterrey\/","name":"Reconocimiento a Socios Formadores 2023-2025 | Ikusi-Velatia","isPartOf":{"@id":"https:\/\/www.ikusi.com\/mx\/#website"},"primaryImageOfPage":{"@id":"https:\/\/www.ikusi.com\/mx\/actualidad\/reconocimiento-socios-formadores-ikusivelatiatec-monterrey\/#primaryimage"},"image":{"@id":"https:\/\/www.ikusi.com\/mx\/actualidad\/reconocimiento-socios-formadores-ikusivelatiatec-monterrey\/#primaryimage"},"thumbnailUrl":"https:\/\/www.ikusi.com\/wp-content\/uploads\/2025\/12\/Foto-08-12-25-5-26-32-pm-e1765528869771.jpg","datePublished":"2025-12-10T12:02:14+00:00","dateModified":"2025-12-12T08:43:45+00:00","description":"Ikusi Velatia recibi\u00f3 el Reconocimiento a Socios Formadores 2023-2025 del Tecnol\u00f3gico de Monterrey. Lee el discurso completo.","breadcrumb":{"@id":"https:\/\/www.ikusi.com\/mx\/actualidad\/reconocimiento-socios-formadores-ikusivelatiatec-monterrey\/#breadcrumb"},"inLanguage":"es","potentialAction":[{"@type":"ReadAction","target":["https:\/\/www.ikusi.com\/mx\/actualidad\/reconocimiento-socios-formadores-ikusivelatiatec-monterrey\/"]}]},{"@type":"ImageObject","inLanguage":"es","@id":"https:\/\/www.ikusi.com\/mx\/actualidad\/reconocimiento-socios-formadores-ikusivelatiatec-monterrey\/#primaryimage","url":"https:\/\/www.ikusi.com\/wp-content\/uploads\/2025\/12\/Foto-08-12-25-5-26-32-pm-e1765528869771.jpg","contentUrl":"https:\/\/www.ikusi.com\/wp-content\/uploads\/2025\/12\/Foto-08-12-25-5-26-32-pm-e1765528869771.jpg","width":1920,"height":2560,"caption":"Gustav Valdez"},{"@type":"BreadcrumbList","@id":"https:\/\/www.ikusi.com\/mx\/actualidad\/reconocimiento-socios-formadores-ikusivelatiatec-monterrey\/#breadcrumb","itemListElement":[{"@type":"ListItem","position":1,"name":"Portada","item":"https:\/\/www.ikusi.com\/mx\/"},{"@type":"ListItem","position":2,"name":"Sala de prensa","item":"https:\/\/www.ikusi.com\/mx\/actualidad\/"},{"@type":"ListItem","position":3,"name":"Ikusi en el acto de reconocimiento a Socios Formadores del TEC de Monterrey"}]},{"@type":"WebSite","@id":"https:\/\/www.ikusi.com\/mx\/#website","url":"https:\/\/www.ikusi.com\/mx\/","name":"Ikusi - Servicios de Digitalizaci\u00f3n y Ciberseguridad","description":"","publisher":{"@id":"https:\/\/www.ikusi.com\/mx\/#organization"},"potentialAction":[{"@type":"SearchAction","target":{"@type":"EntryPoint","urlTemplate":"https:\/\/www.ikusi.com\/mx\/?s={search_term_string}"},"query-input":{"@type":"PropertyValueSpecification","valueRequired":true,"valueName":"search_term_string"}}],"inLanguage":"es"},{"@type":"Organization","@id":"https:\/\/www.ikusi.com\/mx\/#organization","name":"Ikusi","url":"https:\/\/www.ikusi.com\/mx\/","logo":{"@type":"ImageObject","inLanguage":"es","@id":"https:\/\/www.ikusi.com\/mx\/#\/schema\/logo\/image\/","url":"https:\/\/www.ikusi.com\/wp-content\/uploads\/2025\/06\/logo-ikusi.svg","contentUrl":"https:\/\/www.ikusi.com\/wp-content\/uploads\/2025\/06\/logo-ikusi.svg","width":1,"height":1,"caption":"Ikusi"},"image":{"@id":"https:\/\/www.ikusi.com\/mx\/#\/schema\/logo\/image\/"},"sameAs":["https:\/\/www.facebook.com\/IkusiVelatia","https:\/\/x.com\/ikusi_espana","https:\/\/www.instagram.com\/ikusi.velatia\/","https:\/\/www.linkedin.com\/company\/ikusi\/","https:\/\/www.youtube.com\/user\/IkusiGroup"]}]}},"_links":{"self":[{"href":"https:\/\/www.ikusi.com\/mx\/wp-json\/wp\/v2\/actualidad\/24965","targetHints":{"allow":["GET"]}}],"collection":[{"href":"https:\/\/www.ikusi.com\/mx\/wp-json\/wp\/v2\/actualidad"}],"about":[{"href":"https:\/\/www.ikusi.com\/mx\/wp-json\/wp\/v2\/types\/actualidad"}],"wp:featuredmedia":[{"embeddable":true,"href":"https:\/\/www.ikusi.com\/mx\/wp-json\/wp\/v2\/media\/24958"}],"wp:attachment":[{"href":"https:\/\/www.ikusi.com\/mx\/wp-json\/wp\/v2\/media?parent=24965"}],"wp:term":[{"taxonomy":"categorias","embeddable":true,"href":"https:\/\/www.ikusi.com\/mx\/wp-json\/wp\/v2\/categorias?post=24965"}],"curies":[{"name":"wp","href":"https:\/\/api.w.org\/{rel}","templated":true}]}}