{"id":12062,"date":"2025-01-01T14:53:24","date_gmt":"2025-01-01T20:53:24","guid":{"rendered":"https:\/\/www.ikusi.com\/mx\/?p=12062"},"modified":"2025-01-01T14:53:24","modified_gmt":"2025-01-01T20:53:24","slug":"cloud-collaboration-la-nueva-era-de-la-comunicacion-empresarial","status":"publish","type":"post","link":"https:\/\/www.ikusi.com\/mx\/blog\/cloud-collaboration-la-nueva-era-de-la-comunicacion-empresarial\/","title":{"rendered":"Cloud collaboration: La nueva era de la comunicaci\u00f3n empresarial"},"content":{"rendered":"<div class=\"wp-block-post-date\"><time datetime=\"2025-01-01T14:53:24+00:00\">enero 1, 2025<\/time><\/div>\n\n<div class=\"wp-block-post-author\"><div class=\"wp-block-post-author__content\"><p class=\"wp-block-post-author__name\">Daney Carillo<\/p><\/div><\/div>\n\n\n<p>Mientras m\u00e1s avanzamos en tecnolog\u00eda de comunicaci\u00f3n, m\u00e1s cerca estamos unos de otros.&nbsp;<\/p>\n\n\n\n<p>En los a\u00f1os 90, las multinacionales requer\u00edan sistemas PBX (Private Branch Exchange) completos, inversiones millonarias y equipos t\u00e9cnicos dedicados solo para mantener sus oficinas conectadas. Hoy, cualquier empresa puede gestionar equipos globales con unos pocos clics. Esta democratizaci\u00f3n de las comunicaciones empresariales no solo ha cambiado c\u00f3mo trabajamos; ha redefinido qu\u00e9 significa ser una empresa moderna.<\/p>\n\n\n\n<h2 class=\"wp-block-heading\" style=\"font-style:normal;font-weight:100\"><strong>De la infraestructura f\u00edsica a la libertad digital<\/strong><\/h2>\n\n\n\n<figure class=\"wp-block-image size-full\"><img decoding=\"async\" width=\"1024\" height=\"341\" src=\"https:\/\/www.ikusi.com\/mx\/wp-content\/uploads\/sites\/2\/2025\/01\/interior_01.jpg\" alt=\"Cloud collaboration: La nueva era de la comunicaci\u00f3n empresarial 1\" class=\"wp-image-14717\" srcset=\"https:\/\/www.ikusi.com\/wp-content\/uploads\/2025\/01\/interior_01.jpg 1024w, https:\/\/www.ikusi.com\/wp-content\/uploads\/2025\/01\/interior_01-300x100.jpg 300w, https:\/\/www.ikusi.com\/wp-content\/uploads\/2025\/01\/interior_01-768x256.jpg 768w, https:\/\/www.ikusi.com\/wp-content\/uploads\/2025\/01\/interior_01-1000x333.jpg 1000w, https:\/\/www.ikusi.com\/wp-content\/uploads\/2025\/01\/interior_01-900x300.jpg 900w, https:\/\/www.ikusi.com\/wp-content\/uploads\/2025\/01\/interior_01-600x200.jpg 600w, https:\/\/www.ikusi.com\/wp-content\/uploads\/2025\/01\/interior_01-400x133.jpg 400w\" sizes=\"(max-width: 1024px) 100vw, 1024px\" \/><\/figure>\n\n\n\n<p>La evoluci\u00f3n de las comunicaciones empresariales no ha sido solo tecnol\u00f3gica; representa un cambio fundamental en c\u00f3mo concebimos el trabajo y la colaboraci\u00f3n. En la actualidad, las herramientas de colaboraci\u00f3n en la nube como Cisco Webex Calling han transformado la comunicaci\u00f3n empresarial, permitiendo que los empleados permanezcan conectados y productivos, independientemente de su ubicaci\u00f3n f\u00edsica.<\/p>\n\n\n\n<p>La colaboraci\u00f3n en la nube re\u00fane las caracter\u00edsticas de un sistema de telefon\u00eda empresarial avanzado, mensajer\u00eda instant\u00e1nea y reuniones virtuales, todo en una sola aplicaci\u00f3n accesible desde cualquier dispositivo. Este modelo de comunicaciones unificadas bajo demanda est\u00e1 dise\u00f1ado para organizaciones que buscan dar un paso adelante en tecnolog\u00eda sin necesidad de grandes inversiones o integraciones complejas.<\/p>\n\n\n\n<p>Las soluciones modernas de colaboraci\u00f3n en la nube ofrecen beneficios cruciales:<\/p>\n\n\n\n<ul class=\"wp-block-list\">\n<li>Una sola aplicaci\u00f3n, todas las herramientas colaborativas<\/li>\n\n\n\n<li>&#8211; Seguridad integral centralizada\u00a0<\/li>\n\n\n\n<li>&#8211; Capacitaci\u00f3n y maximizaci\u00f3n de la inversi\u00f3n<\/li>\n\n\n\n<li>&#8211; Servicio administrado con operaci\u00f3n 24x7x365<\/li>\n\n\n\n<li>&#8211; Monitoreo y gesti\u00f3n integral del servicio<\/li>\n<\/ul>\n\n\n\n<h2 class=\"wp-block-heading\" style=\"font-style:normal;font-weight:100\"><strong>Construyendo el futuro de la comunicaci\u00f3n empresarial<\/strong><\/h2>\n\n\n\n<figure class=\"wp-block-image size-full\"><img decoding=\"async\" width=\"1024\" height=\"256\" src=\"https:\/\/www.ikusi.com\/mx\/wp-content\/uploads\/sites\/2\/2025\/01\/interior_02.jpg\" alt=\"Cloud collaboration: La nueva era de la comunicaci\u00f3n empresarial 2\" class=\"wp-image-14718\" srcset=\"https:\/\/www.ikusi.com\/wp-content\/uploads\/2025\/01\/interior_02.jpg 1024w, https:\/\/www.ikusi.com\/wp-content\/uploads\/2025\/01\/interior_02-300x75.jpg 300w, https:\/\/www.ikusi.com\/wp-content\/uploads\/2025\/01\/interior_02-768x192.jpg 768w, https:\/\/www.ikusi.com\/wp-content\/uploads\/2025\/01\/interior_02-1000x250.jpg 1000w, https:\/\/www.ikusi.com\/wp-content\/uploads\/2025\/01\/interior_02-900x225.jpg 900w, https:\/\/www.ikusi.com\/wp-content\/uploads\/2025\/01\/interior_02-600x150.jpg 600w, https:\/\/www.ikusi.com\/wp-content\/uploads\/2025\/01\/interior_02-400x100.jpg 400w\" sizes=\"(max-width: 1024px) 100vw, 1024px\" \/><\/figure>\n\n\n\n<p><a href=\"https:\/\/www.ikusi.com\/mx\/servicios\/cloud-collaboration-basic\/\" target=\"_blank\" rel=\"noreferrer noopener\">Ikusi Cloud Collaboration<\/a>\u00a0emerge como una soluci\u00f3n especializada que re\u00fane lo mejor de las comunicaciones unificadas bajo demanda. Este servicio est\u00e1 hospedado en infraestructura de nube p\u00fablica, eliminando la necesidad de inversiones significativas en hardware o integraciones complejas mientras te brinda:<\/p>\n\n\n\n<ul class=\"wp-block-list\">\n<li>Sistema unificado de comunicaciones empresariales<\/li>\n\n\n\n<li>&#8211; Integraci\u00f3n perfecta de telefon\u00eda, mensajer\u00eda y reuniones virtuales<\/li>\n\n\n\n<li>&#8211; Soporte especializado a trav\u00e9s de\u00a0<a href=\"https:\/\/www.ikusi.com\/mx\/casos-de-exito\/ikusi-once-centro-de-operaciones-de-nube-ciberseguridad-y-experiencia-de-negocio\/\" target=\"_blank\" rel=\"noreferrer noopener\">Ikusi ONCE<\/a><\/li>\n\n\n\n<li>&#8211; Reportes detallados de telefon\u00eda mensual<\/li>\n<\/ul>\n\n\n\n<p>La transformaci\u00f3n digital ya no es una opci\u00f3n estrat\u00e9gica: es un imperativo para la supervivencia y el crecimiento empresarial.\u00a0<\/p>\n\n\n\n<p>\u00bfEst\u00e1 tu organizaci\u00f3n preparada para liderar esta transformaci\u00f3n? Descubre c\u00f3mo<a href=\"https:\/\/www.ikusi.com\/mx\/servicios\/cloud-collaboration-basic\/\" target=\"_blank\" rel=\"noreferrer noopener\">\u00a0Ikusi Cloud Collaboration<\/a>\u00a0puede potenciar sus comunicaciones empresariales, contacta a nuestros especialistas hoy mismo y d\u00e9 el primer paso hacia una comunicaci\u00f3n empresarial sin fronteras.<\/p>\n\n\n\n<p><\/p>\n","protected":false},"excerpt":{"rendered":"<p>Ikusi revoluciona la comunicaci\u00f3n empresarial. Sistemas unificados de telefon\u00eda, mensajer\u00eda y reuniones virtuales para potenciar tu empresa.<\/p>\n","protected":false},"author":31,"featured_media":14719,"comment_status":"closed","ping_status":"closed","sticky":false,"template":"","format":"standard","meta":{"_acf_changed":false,"footnotes":""},"categories":[170],"tags":[135,77,136],"temas":[21,35,23,19],"class_list":["post-12062","post","type-post","status-publish","format-standard","has-post-thumbnail","hentry","category-transformacion-de-las-empresas-mx","tag-cloud","tag-colaboracion-empresarial","tag-comunicaciones-unificadas","temas-colaboracion","temas-comunicaciones-unificadas","temas-nube-y-data-center","temas-transformacion-digital"],"acf":[],"yoast_head":"<!-- This site is optimized with the Yoast SEO plugin v25.9 - https:\/\/yoast.com\/wordpress\/plugins\/seo\/ -->\n<title>Cloud collaboration: La nueva era de la comunicaci\u00f3n empresarial - Ikusi<\/title>\n<meta name=\"description\" content=\"Ikusi revoluciona la comunicaci\u00f3n empresarial. Sistemas unificados de telefon\u00eda, mensajer\u00eda y reuniones virtuales para potenciar tu empresa.\" \/>\n<meta name=\"robots\" content=\"index, follow, max-snippet:-1, max-image-preview:large, max-video-preview:-1\" \/>\n<link rel=\"canonical\" href=\"https:\/\/www.ikusi.com\/mx\/blog\/cloud-collaboration-la-nueva-era-de-la-comunicacion-empresarial\/\" \/>\n<meta property=\"og:locale\" content=\"es_MX\" \/>\n<meta property=\"og:type\" content=\"article\" \/>\n<meta property=\"og:title\" content=\"Cloud collaboration: La nueva era de la comunicaci\u00f3n empresarial - Ikusi\" \/>\n<meta property=\"og:description\" content=\"Ikusi revoluciona la comunicaci\u00f3n empresarial. Sistemas unificados de telefon\u00eda, mensajer\u00eda y reuniones virtuales para potenciar tu empresa.\" \/>\n<meta property=\"og:url\" content=\"https:\/\/www.ikusi.com\/mx\/blog\/cloud-collaboration-la-nueva-era-de-la-comunicacion-empresarial\/\" \/>\n<meta property=\"og:site_name\" content=\"Ikusi\" \/>\n<meta property=\"article:publisher\" content=\"https:\/\/www.facebook.com\/IkusiVelatia\" \/>\n<meta property=\"article:published_time\" content=\"2025-01-01T20:53:24+00:00\" \/>\n<meta property=\"og:image\" content=\"https:\/\/www.ikusi.com\/wp-content\/uploads\/2025\/01\/portada.jpg\" \/>\n\t<meta property=\"og:image:width\" content=\"1920\" \/>\n\t<meta property=\"og:image:height\" content=\"1080\" \/>\n\t<meta property=\"og:image:type\" content=\"image\/jpeg\" \/>\n<meta name=\"author\" content=\"Daney Carillo\" \/>\n<meta name=\"twitter:card\" content=\"summary_large_image\" \/>\n<meta name=\"twitter:creator\" content=\"@ikusi_espana\" \/>\n<meta name=\"twitter:site\" content=\"@ikusi_espana\" \/>\n<meta name=\"twitter:label1\" content=\"Escrito por\" \/>\n\t<meta name=\"twitter:data1\" content=\"Daney Carillo\" \/>\n\t<meta name=\"twitter:label2\" content=\"Tiempo de lectura\" \/>\n\t<meta name=\"twitter:data2\" content=\"3 minutos\" \/>\n<script type=\"application\/ld+json\" class=\"yoast-schema-graph\">{\"@context\":\"https:\/\/schema.org\",\"@graph\":[{\"@type\":\"Article\",\"@id\":\"https:\/\/www.ikusi.com\/mx\/blog\/cloud-collaboration-la-nueva-era-de-la-comunicacion-empresarial\/#article\",\"isPartOf\":{\"@id\":\"https:\/\/www.ikusi.com\/mx\/blog\/cloud-collaboration-la-nueva-era-de-la-comunicacion-empresarial\/\"},\"author\":{\"name\":\"Daney Carillo\",\"@id\":\"https:\/\/www.ikusi.com\/mx\/#\/schema\/person\/e24fc40e78d5545c8e9d24a301686b2b\"},\"headline\":\"Cloud collaboration: La nueva era de la comunicaci\u00f3n empresarial\",\"datePublished\":\"2025-01-01T20:53:24+00:00\",\"mainEntityOfPage\":{\"@id\":\"https:\/\/www.ikusi.com\/mx\/blog\/cloud-collaboration-la-nueva-era-de-la-comunicacion-empresarial\/\"},\"wordCount\":421,\"publisher\":{\"@id\":\"https:\/\/www.ikusi.com\/mx\/#organization\"},\"image\":{\"@id\":\"https:\/\/www.ikusi.com\/mx\/blog\/cloud-collaboration-la-nueva-era-de-la-comunicacion-empresarial\/#primaryimage\"},\"thumbnailUrl\":\"https:\/\/www.ikusi.com\/wp-content\/uploads\/2025\/01\/portada.jpg\",\"keywords\":[\"Cloud\",\"colaboraci\u00f3n empresarial\",\"comunicaciones unificadas\"],\"articleSection\":[\"Transformaci\u00f3n de las empresas\"],\"inLanguage\":\"es\"},{\"@type\":\"WebPage\",\"@id\":\"https:\/\/www.ikusi.com\/mx\/blog\/cloud-collaboration-la-nueva-era-de-la-comunicacion-empresarial\/\",\"url\":\"https:\/\/www.ikusi.com\/mx\/blog\/cloud-collaboration-la-nueva-era-de-la-comunicacion-empresarial\/\",\"name\":\"Cloud collaboration: La nueva era de la comunicaci\u00f3n empresarial - Ikusi\",\"isPartOf\":{\"@id\":\"https:\/\/www.ikusi.com\/mx\/#website\"},\"primaryImageOfPage\":{\"@id\":\"https:\/\/www.ikusi.com\/mx\/blog\/cloud-collaboration-la-nueva-era-de-la-comunicacion-empresarial\/#primaryimage\"},\"image\":{\"@id\":\"https:\/\/www.ikusi.com\/mx\/blog\/cloud-collaboration-la-nueva-era-de-la-comunicacion-empresarial\/#primaryimage\"},\"thumbnailUrl\":\"https:\/\/www.ikusi.com\/wp-content\/uploads\/2025\/01\/portada.jpg\",\"datePublished\":\"2025-01-01T20:53:24+00:00\",\"description\":\"Ikusi revoluciona la comunicaci\u00f3n empresarial. Sistemas unificados de telefon\u00eda, mensajer\u00eda y reuniones virtuales para potenciar tu empresa.\",\"breadcrumb\":{\"@id\":\"https:\/\/www.ikusi.com\/mx\/blog\/cloud-collaboration-la-nueva-era-de-la-comunicacion-empresarial\/#breadcrumb\"},\"inLanguage\":\"es\",\"potentialAction\":[{\"@type\":\"ReadAction\",\"target\":[\"https:\/\/www.ikusi.com\/mx\/blog\/cloud-collaboration-la-nueva-era-de-la-comunicacion-empresarial\/\"]}]},{\"@type\":\"ImageObject\",\"inLanguage\":\"es\",\"@id\":\"https:\/\/www.ikusi.com\/mx\/blog\/cloud-collaboration-la-nueva-era-de-la-comunicacion-empresarial\/#primaryimage\",\"url\":\"https:\/\/www.ikusi.com\/wp-content\/uploads\/2025\/01\/portada.jpg\",\"contentUrl\":\"https:\/\/www.ikusi.com\/wp-content\/uploads\/2025\/01\/portada.jpg\",\"width\":1920,\"height\":1080,\"caption\":\"Cloud collaboration: La nueva era de la comunicaci\u00f3n empresarial\"},{\"@type\":\"BreadcrumbList\",\"@id\":\"https:\/\/www.ikusi.com\/mx\/blog\/cloud-collaboration-la-nueva-era-de-la-comunicacion-empresarial\/#breadcrumb\",\"itemListElement\":[{\"@type\":\"ListItem\",\"position\":1,\"name\":\"Portada\",\"item\":\"https:\/\/www.ikusi.com\/mx\/\"},{\"@type\":\"ListItem\",\"position\":2,\"name\":\"Cloud collaboration: La nueva era de la comunicaci\u00f3n empresarial\"}]},{\"@type\":\"WebSite\",\"@id\":\"https:\/\/www.ikusi.com\/mx\/#website\",\"url\":\"https:\/\/www.ikusi.com\/mx\/\",\"name\":\"Ikusi - Servicios de Digitalizaci\u00f3n y Ciberseguridad\",\"description\":\"\",\"publisher\":{\"@id\":\"https:\/\/www.ikusi.com\/mx\/#organization\"},\"potentialAction\":[{\"@type\":\"SearchAction\",\"target\":{\"@type\":\"EntryPoint\",\"urlTemplate\":\"https:\/\/www.ikusi.com\/mx\/?s={search_term_string}\"},\"query-input\":{\"@type\":\"PropertyValueSpecification\",\"valueRequired\":true,\"valueName\":\"search_term_string\"}}],\"inLanguage\":\"es\"},{\"@type\":\"Organization\",\"@id\":\"https:\/\/www.ikusi.com\/mx\/#organization\",\"name\":\"Ikusi\",\"url\":\"https:\/\/www.ikusi.com\/mx\/\",\"logo\":{\"@type\":\"ImageObject\",\"inLanguage\":\"es\",\"@id\":\"https:\/\/www.ikusi.com\/mx\/#\/schema\/logo\/image\/\",\"url\":\"https:\/\/www.ikusi.com\/wp-content\/uploads\/2025\/06\/logo-ikusi.svg\",\"contentUrl\":\"https:\/\/www.ikusi.com\/wp-content\/uploads\/2025\/06\/logo-ikusi.svg\",\"width\":1,\"height\":1,\"caption\":\"Ikusi\"},\"image\":{\"@id\":\"https:\/\/www.ikusi.com\/mx\/#\/schema\/logo\/image\/\"},\"sameAs\":[\"https:\/\/www.facebook.com\/IkusiVelatia\",\"https:\/\/x.com\/ikusi_espana\",\"https:\/\/www.instagram.com\/ikusi.velatia\/\",\"https:\/\/www.linkedin.com\/company\/ikusi\/\",\"https:\/\/www.youtube.com\/user\/IkusiGroup\"]},{\"@type\":\"Person\",\"@id\":\"https:\/\/www.ikusi.com\/mx\/#\/schema\/person\/e24fc40e78d5545c8e9d24a301686b2b\",\"name\":\"Daney Carillo\",\"image\":{\"@type\":\"ImageObject\",\"inLanguage\":\"es\",\"@id\":\"https:\/\/www.ikusi.com\/mx\/#\/schema\/person\/image\/\",\"url\":\"https:\/\/secure.gravatar.com\/avatar\/3835c702a34d89ba92f75dcdb75555d6ae69ae451e2c5c2ef71b3f0568bb23c8?s=96&d=mm&r=g\",\"contentUrl\":\"https:\/\/secure.gravatar.com\/avatar\/3835c702a34d89ba92f75dcdb75555d6ae69ae451e2c5c2ef71b3f0568bb23c8?s=96&d=mm&r=g\",\"caption\":\"Daney Carillo\"},\"url\":\"https:\/\/www.ikusi.com\/mx\/author\/daney-carillo\/\"}]}<\/script>\n<!-- \/ Yoast SEO plugin. -->","yoast_head_json":{"title":"Cloud collaboration: La nueva era de la comunicaci\u00f3n empresarial - Ikusi","description":"Ikusi revoluciona la comunicaci\u00f3n empresarial. Sistemas unificados de telefon\u00eda, mensajer\u00eda y reuniones virtuales para potenciar tu empresa.","robots":{"index":"index","follow":"follow","max-snippet":"max-snippet:-1","max-image-preview":"max-image-preview:large","max-video-preview":"max-video-preview:-1"},"canonical":"https:\/\/www.ikusi.com\/mx\/blog\/cloud-collaboration-la-nueva-era-de-la-comunicacion-empresarial\/","og_locale":"es_MX","og_type":"article","og_title":"Cloud collaboration: La nueva era de la comunicaci\u00f3n empresarial - Ikusi","og_description":"Ikusi revoluciona la comunicaci\u00f3n empresarial. Sistemas unificados de telefon\u00eda, mensajer\u00eda y reuniones virtuales para potenciar tu empresa.","og_url":"https:\/\/www.ikusi.com\/mx\/blog\/cloud-collaboration-la-nueva-era-de-la-comunicacion-empresarial\/","og_site_name":"Ikusi","article_publisher":"https:\/\/www.facebook.com\/IkusiVelatia","article_published_time":"2025-01-01T20:53:24+00:00","og_image":[{"width":1920,"height":1080,"url":"https:\/\/www.ikusi.com\/wp-content\/uploads\/2025\/01\/portada.jpg","type":"image\/jpeg"}],"author":"Daney Carillo","twitter_card":"summary_large_image","twitter_creator":"@ikusi_espana","twitter_site":"@ikusi_espana","twitter_misc":{"Escrito por":"Daney Carillo","Tiempo de lectura":"3 minutos"},"schema":{"@context":"https:\/\/schema.org","@graph":[{"@type":"Article","@id":"https:\/\/www.ikusi.com\/mx\/blog\/cloud-collaboration-la-nueva-era-de-la-comunicacion-empresarial\/#article","isPartOf":{"@id":"https:\/\/www.ikusi.com\/mx\/blog\/cloud-collaboration-la-nueva-era-de-la-comunicacion-empresarial\/"},"author":{"name":"Daney Carillo","@id":"https:\/\/www.ikusi.com\/mx\/#\/schema\/person\/e24fc40e78d5545c8e9d24a301686b2b"},"headline":"Cloud collaboration: La nueva era de la comunicaci\u00f3n empresarial","datePublished":"2025-01-01T20:53:24+00:00","mainEntityOfPage":{"@id":"https:\/\/www.ikusi.com\/mx\/blog\/cloud-collaboration-la-nueva-era-de-la-comunicacion-empresarial\/"},"wordCount":421,"publisher":{"@id":"https:\/\/www.ikusi.com\/mx\/#organization"},"image":{"@id":"https:\/\/www.ikusi.com\/mx\/blog\/cloud-collaboration-la-nueva-era-de-la-comunicacion-empresarial\/#primaryimage"},"thumbnailUrl":"https:\/\/www.ikusi.com\/wp-content\/uploads\/2025\/01\/portada.jpg","keywords":["Cloud","colaboraci\u00f3n empresarial","comunicaciones unificadas"],"articleSection":["Transformaci\u00f3n de las empresas"],"inLanguage":"es"},{"@type":"WebPage","@id":"https:\/\/www.ikusi.com\/mx\/blog\/cloud-collaboration-la-nueva-era-de-la-comunicacion-empresarial\/","url":"https:\/\/www.ikusi.com\/mx\/blog\/cloud-collaboration-la-nueva-era-de-la-comunicacion-empresarial\/","name":"Cloud collaboration: La nueva era de la comunicaci\u00f3n empresarial - Ikusi","isPartOf":{"@id":"https:\/\/www.ikusi.com\/mx\/#website"},"primaryImageOfPage":{"@id":"https:\/\/www.ikusi.com\/mx\/blog\/cloud-collaboration-la-nueva-era-de-la-comunicacion-empresarial\/#primaryimage"},"image":{"@id":"https:\/\/www.ikusi.com\/mx\/blog\/cloud-collaboration-la-nueva-era-de-la-comunicacion-empresarial\/#primaryimage"},"thumbnailUrl":"https:\/\/www.ikusi.com\/wp-content\/uploads\/2025\/01\/portada.jpg","datePublished":"2025-01-01T20:53:24+00:00","description":"Ikusi revoluciona la comunicaci\u00f3n empresarial. Sistemas unificados de telefon\u00eda, mensajer\u00eda y reuniones virtuales para potenciar tu empresa.","breadcrumb":{"@id":"https:\/\/www.ikusi.com\/mx\/blog\/cloud-collaboration-la-nueva-era-de-la-comunicacion-empresarial\/#breadcrumb"},"inLanguage":"es","potentialAction":[{"@type":"ReadAction","target":["https:\/\/www.ikusi.com\/mx\/blog\/cloud-collaboration-la-nueva-era-de-la-comunicacion-empresarial\/"]}]},{"@type":"ImageObject","inLanguage":"es","@id":"https:\/\/www.ikusi.com\/mx\/blog\/cloud-collaboration-la-nueva-era-de-la-comunicacion-empresarial\/#primaryimage","url":"https:\/\/www.ikusi.com\/wp-content\/uploads\/2025\/01\/portada.jpg","contentUrl":"https:\/\/www.ikusi.com\/wp-content\/uploads\/2025\/01\/portada.jpg","width":1920,"height":1080,"caption":"Cloud collaboration: La nueva era de la comunicaci\u00f3n empresarial"},{"@type":"BreadcrumbList","@id":"https:\/\/www.ikusi.com\/mx\/blog\/cloud-collaboration-la-nueva-era-de-la-comunicacion-empresarial\/#breadcrumb","itemListElement":[{"@type":"ListItem","position":1,"name":"Portada","item":"https:\/\/www.ikusi.com\/mx\/"},{"@type":"ListItem","position":2,"name":"Cloud collaboration: La nueva era de la comunicaci\u00f3n empresarial"}]},{"@type":"WebSite","@id":"https:\/\/www.ikusi.com\/mx\/#website","url":"https:\/\/www.ikusi.com\/mx\/","name":"Ikusi - Servicios de Digitalizaci\u00f3n y Ciberseguridad","description":"","publisher":{"@id":"https:\/\/www.ikusi.com\/mx\/#organization"},"potentialAction":[{"@type":"SearchAction","target":{"@type":"EntryPoint","urlTemplate":"https:\/\/www.ikusi.com\/mx\/?s={search_term_string}"},"query-input":{"@type":"PropertyValueSpecification","valueRequired":true,"valueName":"search_term_string"}}],"inLanguage":"es"},{"@type":"Organization","@id":"https:\/\/www.ikusi.com\/mx\/#organization","name":"Ikusi","url":"https:\/\/www.ikusi.com\/mx\/","logo":{"@type":"ImageObject","inLanguage":"es","@id":"https:\/\/www.ikusi.com\/mx\/#\/schema\/logo\/image\/","url":"https:\/\/www.ikusi.com\/wp-content\/uploads\/2025\/06\/logo-ikusi.svg","contentUrl":"https:\/\/www.ikusi.com\/wp-content\/uploads\/2025\/06\/logo-ikusi.svg","width":1,"height":1,"caption":"Ikusi"},"image":{"@id":"https:\/\/www.ikusi.com\/mx\/#\/schema\/logo\/image\/"},"sameAs":["https:\/\/www.facebook.com\/IkusiVelatia","https:\/\/x.com\/ikusi_espana","https:\/\/www.instagram.com\/ikusi.velatia\/","https:\/\/www.linkedin.com\/company\/ikusi\/","https:\/\/www.youtube.com\/user\/IkusiGroup"]},{"@type":"Person","@id":"https:\/\/www.ikusi.com\/mx\/#\/schema\/person\/e24fc40e78d5545c8e9d24a301686b2b","name":"Daney Carillo","image":{"@type":"ImageObject","inLanguage":"es","@id":"https:\/\/www.ikusi.com\/mx\/#\/schema\/person\/image\/","url":"https:\/\/secure.gravatar.com\/avatar\/3835c702a34d89ba92f75dcdb75555d6ae69ae451e2c5c2ef71b3f0568bb23c8?s=96&d=mm&r=g","contentUrl":"https:\/\/secure.gravatar.com\/avatar\/3835c702a34d89ba92f75dcdb75555d6ae69ae451e2c5c2ef71b3f0568bb23c8?s=96&d=mm&r=g","caption":"Daney Carillo"},"url":"https:\/\/www.ikusi.com\/mx\/author\/daney-carillo\/"}]}},"_links":{"self":[{"href":"https:\/\/www.ikusi.com\/mx\/wp-json\/wp\/v2\/posts\/12062","targetHints":{"allow":["GET"]}}],"collection":[{"href":"https:\/\/www.ikusi.com\/mx\/wp-json\/wp\/v2\/posts"}],"about":[{"href":"https:\/\/www.ikusi.com\/mx\/wp-json\/wp\/v2\/types\/post"}],"author":[{"embeddable":true,"href":"https:\/\/www.ikusi.com\/mx\/wp-json\/wp\/v2\/users\/31"}],"replies":[{"embeddable":true,"href":"https:\/\/www.ikusi.com\/mx\/wp-json\/wp\/v2\/comments?post=12062"}],"version-history":[{"count":0,"href":"https:\/\/www.ikusi.com\/mx\/wp-json\/wp\/v2\/posts\/12062\/revisions"}],"wp:featuredmedia":[{"embeddable":true,"href":"https:\/\/www.ikusi.com\/mx\/wp-json\/wp\/v2\/media\/14719"}],"wp:attachment":[{"href":"https:\/\/www.ikusi.com\/mx\/wp-json\/wp\/v2\/media?parent=12062"}],"wp:term":[{"taxonomy":"category","embeddable":true,"href":"https:\/\/www.ikusi.com\/mx\/wp-json\/wp\/v2\/categories?post=12062"},{"taxonomy":"post_tag","embeddable":true,"href":"https:\/\/www.ikusi.com\/mx\/wp-json\/wp\/v2\/tags?post=12062"},{"taxonomy":"temas","embeddable":true,"href":"https:\/\/www.ikusi.com\/mx\/wp-json\/wp\/v2\/temas?post=12062"}],"curies":[{"name":"wp","href":"https:\/\/api.w.org\/{rel}","templated":true}]}}