{"id":16434,"date":"2025-01-14T17:40:12","date_gmt":"2025-01-14T23:40:12","guid":{"rendered":"https:\/\/www.ikusi.com\/mx\/?p=12103"},"modified":"2025-01-14T17:40:12","modified_gmt":"2025-01-14T23:40:12","slug":"el-sector-publico-frente-a-la-ciberseguridad-estamos-realmente-preparados","status":"publish","type":"post","link":"https:\/\/www.ikusi.com\/mx\/blog\/el-sector-publico-frente-a-la-ciberseguridad-estamos-realmente-preparados\/","title":{"rendered":"El sector p\u00fablico frente a la ciberseguridad: \u00bfEstamos realmente preparados?"},"content":{"rendered":"<div class=\"wp-block-post-date\"><time datetime=\"2025-01-14T17:40:12+00:00\">enero 14, 2025<\/time><\/div>\n\n<div class=\"wp-block-post-author\"><div class=\"wp-block-post-author__content\"><p class=\"wp-block-post-author__name\">Daniel Michaus<\/p><\/div><\/div>\n\n\n<p>A\u00a0finales del siglo pasado, cuando el mundo a\u00fan tem\u00eda el apocalipsis digital del Y2K, las instituciones gubernamentales apenas comenzaban a preocuparse por su seguridad digital. Hoy, m\u00e1s de dos d\u00e9cadas despu\u00e9s, el panorama es radicalmente diferente. Los ciberataques contra el sector p\u00fablico se han convertido en una amenaza constante que pone en riesgo la continuidad operativa y la confianza ciudadana.<\/p>\n\n\n\n<h2 class=\"wp-block-heading\" style=\"font-style:normal;font-weight:100\"><strong>La magnitud del desaf\u00edo<\/strong><\/h2>\n\n\n\n<p>De acuerdo con un estudio de FortiGuard Labs, rescatado por\u00a0<a href=\"https:\/\/www.infosecuritymexico.com\/es\/blog\/la-importancia-de-la-ciberseguridad-en-el-sector-publico.html?t&amp;utm_source=perplexity\" target=\"_blank\" rel=\"noreferrer noopener\">InfoSecurity M\u00e9xico<\/a>, M\u00e9xico recibi\u00f3 14 billones de amenazas cibern\u00e9ticas en 2021, representando el 34% del total en Am\u00e9rica Latina. En un entorno donde la transformaci\u00f3n digital ha expandido exponencialmente la superficie de ataque, los servicios que antes requer\u00edan presencia f\u00edsica ahora se realizan en l\u00ednea. Con esto se crean nuevos vectores de vulnerabilidad que los ciberdelincuentes est\u00e1n m\u00e1s que dispuestos a explotar.<\/p>\n\n\n\n<p>Las consecuencias son tangibles. Los ataques a instituciones gubernamentales frecuentemente resultan en la interrupci\u00f3n de servicios cr\u00edticos. Esto afecta directamente a los ciudadanos, provocando la paralizaci\u00f3n de operaciones esenciales y comprometiendo informaci\u00f3n sensible.\u00a0<\/p>\n\n\n\n<p>Seg\u00fan datos del Instituto Ponemon revelados por\u00a0<a href=\"https:\/\/www.infosecuritymexico.com\/es\/blog\/vulnerabilidades-del-sector-publico-mexicano.html\" target=\"_blank\" rel=\"noreferrer noopener\">InfoSecurity<\/a>, el 88% de las organizaciones del sector p\u00fablico han sufrido al menos un ataque cibern\u00e9tico perjudicial en\u00a0los \u00faltimos dos a\u00f1os, y el 62% han experimentado dos o m\u00e1s, evidenciando la magnitud real del problema.<\/p>\n\n\n\n<h2 class=\"wp-block-heading\" style=\"font-style:normal;font-weight:100\"><strong>La crisis del talento especializado<\/strong><\/h2>\n\n\n\n<figure class=\"wp-block-image size-full\"><img decoding=\"async\" width=\"1024\" height=\"341\" src=\"https:\/\/www.ikusi.com\/mx\/wp-content\/uploads\/sites\/2\/2025\/01\/interior_01-9.jpg\" alt=\"\" class=\"wp-image-14786\" srcset=\"https:\/\/www.ikusi.com\/wp-content\/uploads\/2025\/01\/interior_01-9.jpg 1024w, https:\/\/www.ikusi.com\/wp-content\/uploads\/2025\/01\/interior_01-9-300x100.jpg 300w, https:\/\/www.ikusi.com\/wp-content\/uploads\/2025\/01\/interior_01-9-768x256.jpg 768w, https:\/\/www.ikusi.com\/wp-content\/uploads\/2025\/01\/interior_01-9-1000x333.jpg 1000w, https:\/\/www.ikusi.com\/wp-content\/uploads\/2025\/01\/interior_01-9-900x300.jpg 900w, https:\/\/www.ikusi.com\/wp-content\/uploads\/2025\/01\/interior_01-9-600x200.jpg 600w, https:\/\/www.ikusi.com\/wp-content\/uploads\/2025\/01\/interior_01-9-400x133.jpg 400w\" sizes=\"(max-width: 1024px) 100vw, 1024px\" \/><\/figure>\n\n\n\n<p>El informe &#8220;Estado de la Ciberseguridad 2021&#8221; de ISACA revela una realidad preocupante: el 60% de las organizaciones globales enfrentan una escasez cr\u00edtica de especialistas en ciberseguridad.\u00a0<\/p>\n\n\n\n<p>Esta brecha es particularmente severa en el sector p\u00fablico, donde la comparativa es alarmante. Mientras los grandes bancos mexicanos cuentan con equipos de hasta 150 ingenieros de seguridad digital, algunas instituciones p\u00fablicas operan con apenas 5 especialistas. Aproximadamente el 62% de las organizaciones reporta que su funci\u00f3n de seguridad no cuenta con el personal adecuado para detectar vulnerabilidades de manera oportuna.<\/p>\n\n\n\n<h2 class=\"wp-block-heading\" style=\"font-style:normal;font-weight:100\"><strong>M\u00e1s all\u00e1 del factor humano<\/strong><\/h2>\n\n\n\n<figure class=\"wp-block-image size-full\"><img decoding=\"async\" width=\"1024\" height=\"512\" src=\"https:\/\/www.ikusi.com\/mx\/wp-content\/uploads\/sites\/2\/2025\/01\/interior_02-10.jpg\" alt=\"\" class=\"wp-image-14787\" srcset=\"https:\/\/www.ikusi.com\/wp-content\/uploads\/2025\/01\/interior_02-10.jpg 1024w, https:\/\/www.ikusi.com\/wp-content\/uploads\/2025\/01\/interior_02-10-300x150.jpg 300w, https:\/\/www.ikusi.com\/wp-content\/uploads\/2025\/01\/interior_02-10-768x384.jpg 768w, https:\/\/www.ikusi.com\/wp-content\/uploads\/2025\/01\/interior_02-10-1000x500.jpg 1000w, https:\/\/www.ikusi.com\/wp-content\/uploads\/2025\/01\/interior_02-10-900x450.jpg 900w, https:\/\/www.ikusi.com\/wp-content\/uploads\/2025\/01\/interior_02-10-600x300.jpg 600w, https:\/\/www.ikusi.com\/wp-content\/uploads\/2025\/01\/interior_02-10-400x200.jpg 400w\" sizes=\"(max-width: 1024px) 100vw, 1024px\" \/><\/figure>\n\n\n\n<p>La protecci\u00f3n efectiva de las instituciones p\u00fablicas requiere una estrategia integral que combine experiencia humana con tecnolog\u00eda avanzada. Los principales desaf\u00edos actuales incluyen:<\/p>\n\n\n\n<ul class=\"wp-block-list\">\n<li>Falta de visibilidad completa sobre la infraestructura tecnol\u00f3gica<\/li>\n\n\n\n<li>Dependencia de sistemas legacy vulnerables<\/li>\n\n\n\n<li>Procesos manuales obsoletos para la gesti\u00f3n de seguridad<\/li>\n<\/ul>\n\n\n\n<p>Como se\u00f1ala Luis Isselin, director general de Tenable M\u00e9xico, &#8220;el sector p\u00fablico a menudo carece de los fundamentos para responder r\u00e1pidamente a las vulnerabilidades y mitigar de manera efectiva su riesgo cibern\u00e9tico&#8221;.<\/p>\n\n\n\n<h2 class=\"wp-block-heading\" style=\"font-style:normal;font-weight:100\"><strong>La soluci\u00f3n integrada<\/strong><\/h2>\n\n\n\n<p><a href=\"https:\/\/www.ikusi.com\/mx\/servicios\/security-protect\/\" target=\"_blank\" rel=\"noreferrer noopener\">Ikusi Security Protect<\/a>\u00a0emerge como un aliado estrat\u00e9gico para las instituciones p\u00fablicas. Ikusi ofrece un modelo de soluciones avanzadas que permite proteger y minimizar los riesgos inform\u00e1ticos de los activos de una organizaci\u00f3n, cubriendo la arquitectura de manera integral.\u00a0<\/p>\n\n\n\n<p>Este servicio proporciona:<\/p>\n\n\n\n<ul class=\"wp-block-list\">\n<li>Visibilidad de la superficie de riesgo en IT, OT e IoT<\/li>\n\n\n\n<li>Consolidaci\u00f3n de informaci\u00f3n del riesgo en una sola vista<\/li>\n\n\n\n<li>Optimizaci\u00f3n de recursos para atender los riesgos identificados<\/li>\n\n\n\n<li>Recomendaciones claras y precisas de soluci\u00f3n del problema<\/li>\n\n\n\n<li>Descripci\u00f3n clara del estado de riesgo de la organizaci\u00f3n<\/li>\n<\/ul>\n\n\n\n<h2 class=\"wp-block-heading\" style=\"font-style:normal;font-weight:100\"><strong>El futuro de la seguridad gubernamental<\/strong><\/h2>\n\n\n\n<figure class=\"wp-block-image size-full\"><img decoding=\"async\" width=\"1024\" height=\"685\" src=\"https:\/\/www.ikusi.com\/mx\/wp-content\/uploads\/sites\/2\/2025\/01\/interior_03.jpg\" alt=\"\" class=\"wp-image-14788\" srcset=\"https:\/\/www.ikusi.com\/wp-content\/uploads\/2025\/01\/interior_03.jpg 1024w, https:\/\/www.ikusi.com\/wp-content\/uploads\/2025\/01\/interior_03-300x201.jpg 300w, https:\/\/www.ikusi.com\/wp-content\/uploads\/2025\/01\/interior_03-768x514.jpg 768w, https:\/\/www.ikusi.com\/wp-content\/uploads\/2025\/01\/interior_03-1000x669.jpg 1000w, https:\/\/www.ikusi.com\/wp-content\/uploads\/2025\/01\/interior_03-900x602.jpg 900w, https:\/\/www.ikusi.com\/wp-content\/uploads\/2025\/01\/interior_03-600x401.jpg 600w, https:\/\/www.ikusi.com\/wp-content\/uploads\/2025\/01\/interior_03-400x268.jpg 400w\" sizes=\"(max-width: 1024px) 100vw, 1024px\" \/><\/figure>\n\n\n\n<p>La sofisticaci\u00f3n de los ataques cibern\u00e9ticos contin\u00faa evolucionando. Seg\u00fan el\u00a0<a href=\"https:\/\/www.infosecuritymexico.com\/es\/blog\/vulnerabilidades-del-sector-publico-mexicano.html\" target=\"_blank\" rel=\"noreferrer noopener\">estudio de Tenable<\/a>, solo el 23%\u00a0de las organizaciones p\u00fablicas dicen tener suficiente visibilidad del territorio en el que operan, mientras que el 63% busca mejorar su capacidad para mantenerse al d\u00eda con las amenazas a las que se enfrentan.<\/p>\n\n\n\n<p>El sector p\u00fablico necesita socios tecnol\u00f3gicos que entiendan estos desaf\u00edos y proporcionen soluciones adaptadas a sus necesidades espec\u00edficas. La protecci\u00f3n de la informaci\u00f3n p\u00fablica no es solo una cuesti\u00f3n de cumplimiento normativo; es un imperativo para mantener la confianza ciudadana y garantizar la continuidad de los servicios esenciales.<\/p>\n\n\n\n<p><a href=\"https:\/\/www.ikusi.com\/mx\/servicios\/security-protect\/\" target=\"_blank\" rel=\"noreferrer noopener\">Ikusi Security Protect<\/a>, respaldado por la tecnolog\u00eda\u00a0<a href=\"https:\/\/www.ikusi.com\/mx\/\" target=\"_blank\" rel=\"noreferrer noopener\">Ikusi<\/a>, se especializa en el monitoreo, soporte y gesti\u00f3n proactiva de las infraestructuras de red, ciberseguridad, TI y nube. Nuestro servicio ofrece atenci\u00f3n, resoluci\u00f3n y an\u00e1lisis de incidentes que afectan la disponibilidad o funcionalidad del negocio de nuestros clientes, todo desde un solo lugar.<\/p>\n\n\n\n<p>\u00bfTu instituci\u00f3n est\u00e1 preparada para enfrentar las amenazas cibern\u00e9ticas del futuro?\u00a0<a href=\"https:\/\/www.ikusi.com\/mx\/servicios\/security-protect\/#contacto\" target=\"_blank\" rel=\"noreferrer noopener\">Contacta a nuestros especialistas<\/a>\u00a0y descubre c\u00f3mo podemos ayudarte a construir una organizaci\u00f3n p\u00fablica m\u00e1s segura y resiliente.<\/p>\n","protected":false},"excerpt":{"rendered":"<p>Descubre los retos de ciberseguridad en el sector p\u00fablico: datos, amenazas y soluciones para proteger instituciones gubernamentales en M\u00e9xico<\/p>\n","protected":false},"author":39,"featured_media":14789,"comment_status":"closed","ping_status":"closed","sticky":false,"template":"","format":"standard","meta":{"_acf_changed":false,"footnotes":""},"categories":[170],"tags":[295,139,45,140],"temas":[18,34,38,19],"class_list":["post-16434","post","type-post","status-publish","format-standard","has-post-thumbnail","hentry","category-transformacion-de-las-empresas-mx","tag-ciberseguridad-mx","tag-instituciones-gubernamentales","tag-observabilidad","tag-sector-publico","temas-ciberseguridad","temas-datos-y-analitica","temas-iot","temas-transformacion-digital"],"acf":[],"yoast_head":"<!-- This site is optimized with the Yoast SEO plugin v25.9 - https:\/\/yoast.com\/wordpress\/plugins\/seo\/ -->\n<title>El sector p\u00fablico frente a la ciberseguridad: \u00bfEstamos realmente preparados? - Ikusi<\/title>\n<meta name=\"description\" content=\"Descubre los retos de ciberseguridad en el sector p\u00fablico: datos, amenazas y soluciones para proteger instituciones gubernamentales en M\u00e9xico\" \/>\n<meta name=\"robots\" content=\"index, follow, max-snippet:-1, max-image-preview:large, max-video-preview:-1\" \/>\n<link rel=\"canonical\" href=\"https:\/\/www.ikusi.com\/mx\/blog\/el-sector-publico-frente-a-la-ciberseguridad-estamos-realmente-preparados\/\" \/>\n<meta property=\"og:locale\" content=\"es_MX\" \/>\n<meta property=\"og:type\" content=\"article\" \/>\n<meta property=\"og:title\" content=\"El sector p\u00fablico frente a la ciberseguridad: \u00bfEstamos realmente preparados? - Ikusi\" \/>\n<meta property=\"og:description\" content=\"Descubre los retos de ciberseguridad en el sector p\u00fablico: datos, amenazas y soluciones para proteger instituciones gubernamentales en M\u00e9xico\" \/>\n<meta property=\"og:url\" content=\"https:\/\/www.ikusi.com\/mx\/blog\/el-sector-publico-frente-a-la-ciberseguridad-estamos-realmente-preparados\/\" \/>\n<meta property=\"og:site_name\" content=\"Ikusi\" \/>\n<meta property=\"article:publisher\" content=\"https:\/\/www.facebook.com\/IkusiVelatia\" \/>\n<meta property=\"article:published_time\" content=\"2025-01-14T23:40:12+00:00\" \/>\n<meta property=\"og:image\" content=\"https:\/\/www.ikusi.com\/wp-content\/uploads\/2025\/01\/portada-9.jpg\" \/>\n\t<meta property=\"og:image:width\" content=\"1920\" \/>\n\t<meta property=\"og:image:height\" content=\"1080\" \/>\n\t<meta property=\"og:image:type\" content=\"image\/jpeg\" \/>\n<meta name=\"author\" content=\"Daniel Michaus\" \/>\n<meta name=\"twitter:card\" content=\"summary_large_image\" \/>\n<meta name=\"twitter:creator\" content=\"@ikusi_espana\" \/>\n<meta name=\"twitter:site\" content=\"@ikusi_espana\" \/>\n<meta name=\"twitter:label1\" content=\"Escrito por\" \/>\n\t<meta name=\"twitter:data1\" content=\"Daniel Michaus\" \/>\n\t<meta name=\"twitter:label2\" content=\"Tiempo de lectura\" \/>\n\t<meta name=\"twitter:data2\" content=\"5 minutos\" \/>\n<script type=\"application\/ld+json\" class=\"yoast-schema-graph\">{\"@context\":\"https:\/\/schema.org\",\"@graph\":[{\"@type\":\"Article\",\"@id\":\"https:\/\/www.ikusi.com\/mx\/blog\/el-sector-publico-frente-a-la-ciberseguridad-estamos-realmente-preparados\/#article\",\"isPartOf\":{\"@id\":\"https:\/\/www.ikusi.com\/mx\/blog\/el-sector-publico-frente-a-la-ciberseguridad-estamos-realmente-preparados\/\"},\"author\":{\"name\":\"Daniel Michaus\",\"@id\":\"https:\/\/www.ikusi.com\/mx\/#\/schema\/person\/3da9366c29c7b1236cffbc000b09db79\"},\"headline\":\"El sector p\u00fablico frente a la ciberseguridad: \u00bfEstamos realmente preparados?\",\"datePublished\":\"2025-01-14T23:40:12+00:00\",\"mainEntityOfPage\":{\"@id\":\"https:\/\/www.ikusi.com\/mx\/blog\/el-sector-publico-frente-a-la-ciberseguridad-estamos-realmente-preparados\/\"},\"wordCount\":739,\"publisher\":{\"@id\":\"https:\/\/www.ikusi.com\/mx\/#organization\"},\"image\":{\"@id\":\"https:\/\/www.ikusi.com\/mx\/blog\/el-sector-publico-frente-a-la-ciberseguridad-estamos-realmente-preparados\/#primaryimage\"},\"thumbnailUrl\":\"https:\/\/www.ikusi.com\/wp-content\/uploads\/2025\/01\/portada-9.jpg\",\"keywords\":[\"Ciberseguridad\",\"Instituciones Gubernamentales\",\"observabilidad\",\"Sector P\u00fablico\"],\"articleSection\":[\"Transformaci\u00f3n de las empresas\"],\"inLanguage\":\"es\"},{\"@type\":\"WebPage\",\"@id\":\"https:\/\/www.ikusi.com\/mx\/blog\/el-sector-publico-frente-a-la-ciberseguridad-estamos-realmente-preparados\/\",\"url\":\"https:\/\/www.ikusi.com\/mx\/blog\/el-sector-publico-frente-a-la-ciberseguridad-estamos-realmente-preparados\/\",\"name\":\"El sector p\u00fablico frente a la ciberseguridad: \u00bfEstamos realmente preparados? - Ikusi\",\"isPartOf\":{\"@id\":\"https:\/\/www.ikusi.com\/mx\/#website\"},\"primaryImageOfPage\":{\"@id\":\"https:\/\/www.ikusi.com\/mx\/blog\/el-sector-publico-frente-a-la-ciberseguridad-estamos-realmente-preparados\/#primaryimage\"},\"image\":{\"@id\":\"https:\/\/www.ikusi.com\/mx\/blog\/el-sector-publico-frente-a-la-ciberseguridad-estamos-realmente-preparados\/#primaryimage\"},\"thumbnailUrl\":\"https:\/\/www.ikusi.com\/wp-content\/uploads\/2025\/01\/portada-9.jpg\",\"datePublished\":\"2025-01-14T23:40:12+00:00\",\"description\":\"Descubre los retos de ciberseguridad en el sector p\u00fablico: datos, amenazas y soluciones para proteger instituciones gubernamentales en M\u00e9xico\",\"breadcrumb\":{\"@id\":\"https:\/\/www.ikusi.com\/mx\/blog\/el-sector-publico-frente-a-la-ciberseguridad-estamos-realmente-preparados\/#breadcrumb\"},\"inLanguage\":\"es\",\"potentialAction\":[{\"@type\":\"ReadAction\",\"target\":[\"https:\/\/www.ikusi.com\/mx\/blog\/el-sector-publico-frente-a-la-ciberseguridad-estamos-realmente-preparados\/\"]}]},{\"@type\":\"ImageObject\",\"inLanguage\":\"es\",\"@id\":\"https:\/\/www.ikusi.com\/mx\/blog\/el-sector-publico-frente-a-la-ciberseguridad-estamos-realmente-preparados\/#primaryimage\",\"url\":\"https:\/\/www.ikusi.com\/wp-content\/uploads\/2025\/01\/portada-9.jpg\",\"contentUrl\":\"https:\/\/www.ikusi.com\/wp-content\/uploads\/2025\/01\/portada-9.jpg\",\"width\":1920,\"height\":1080,\"caption\":\"Descubre los retos de ciberseguridad en el sector p\u00fablico: datos, amenazas y soluciones para proteger instituciones gubernamentales en M\u00e9xico\"},{\"@type\":\"BreadcrumbList\",\"@id\":\"https:\/\/www.ikusi.com\/mx\/blog\/el-sector-publico-frente-a-la-ciberseguridad-estamos-realmente-preparados\/#breadcrumb\",\"itemListElement\":[{\"@type\":\"ListItem\",\"position\":1,\"name\":\"Portada\",\"item\":\"https:\/\/www.ikusi.com\/mx\/\"},{\"@type\":\"ListItem\",\"position\":2,\"name\":\"El sector p\u00fablico frente a la ciberseguridad: \u00bfEstamos realmente preparados?\"}]},{\"@type\":\"WebSite\",\"@id\":\"https:\/\/www.ikusi.com\/mx\/#website\",\"url\":\"https:\/\/www.ikusi.com\/mx\/\",\"name\":\"Ikusi - Servicios de Digitalizaci\u00f3n y Ciberseguridad\",\"description\":\"\",\"publisher\":{\"@id\":\"https:\/\/www.ikusi.com\/mx\/#organization\"},\"potentialAction\":[{\"@type\":\"SearchAction\",\"target\":{\"@type\":\"EntryPoint\",\"urlTemplate\":\"https:\/\/www.ikusi.com\/mx\/?s={search_term_string}\"},\"query-input\":{\"@type\":\"PropertyValueSpecification\",\"valueRequired\":true,\"valueName\":\"search_term_string\"}}],\"inLanguage\":\"es\"},{\"@type\":\"Organization\",\"@id\":\"https:\/\/www.ikusi.com\/mx\/#organization\",\"name\":\"Ikusi\",\"url\":\"https:\/\/www.ikusi.com\/mx\/\",\"logo\":{\"@type\":\"ImageObject\",\"inLanguage\":\"es\",\"@id\":\"https:\/\/www.ikusi.com\/mx\/#\/schema\/logo\/image\/\",\"url\":\"https:\/\/www.ikusi.com\/wp-content\/uploads\/2025\/06\/logo-ikusi.svg\",\"contentUrl\":\"https:\/\/www.ikusi.com\/wp-content\/uploads\/2025\/06\/logo-ikusi.svg\",\"width\":1,\"height\":1,\"caption\":\"Ikusi\"},\"image\":{\"@id\":\"https:\/\/www.ikusi.com\/mx\/#\/schema\/logo\/image\/\"},\"sameAs\":[\"https:\/\/www.facebook.com\/IkusiVelatia\",\"https:\/\/x.com\/ikusi_espana\",\"https:\/\/www.instagram.com\/ikusi.velatia\/\",\"https:\/\/www.linkedin.com\/company\/ikusi\/\",\"https:\/\/www.youtube.com\/user\/IkusiGroup\"]},{\"@type\":\"Person\",\"@id\":\"https:\/\/www.ikusi.com\/mx\/#\/schema\/person\/3da9366c29c7b1236cffbc000b09db79\",\"name\":\"Daniel Michaus\",\"image\":{\"@type\":\"ImageObject\",\"inLanguage\":\"es\",\"@id\":\"https:\/\/www.ikusi.com\/mx\/#\/schema\/person\/image\/\",\"url\":\"https:\/\/secure.gravatar.com\/avatar\/468b8a99738928b595b853505866cdfd3cb1be9f4100b43a99cad148072a0b06?s=96&d=mm&r=g\",\"contentUrl\":\"https:\/\/secure.gravatar.com\/avatar\/468b8a99738928b595b853505866cdfd3cb1be9f4100b43a99cad148072a0b06?s=96&d=mm&r=g\",\"caption\":\"Daniel Michaus\"},\"url\":\"https:\/\/www.ikusi.com\/mx\/author\/daniel-michausuxmarketing-com\/\"}]}<\/script>\n<!-- \/ Yoast SEO plugin. -->","yoast_head_json":{"title":"El sector p\u00fablico frente a la ciberseguridad: \u00bfEstamos realmente preparados? - Ikusi","description":"Descubre los retos de ciberseguridad en el sector p\u00fablico: datos, amenazas y soluciones para proteger instituciones gubernamentales en M\u00e9xico","robots":{"index":"index","follow":"follow","max-snippet":"max-snippet:-1","max-image-preview":"max-image-preview:large","max-video-preview":"max-video-preview:-1"},"canonical":"https:\/\/www.ikusi.com\/mx\/blog\/el-sector-publico-frente-a-la-ciberseguridad-estamos-realmente-preparados\/","og_locale":"es_MX","og_type":"article","og_title":"El sector p\u00fablico frente a la ciberseguridad: \u00bfEstamos realmente preparados? - Ikusi","og_description":"Descubre los retos de ciberseguridad en el sector p\u00fablico: datos, amenazas y soluciones para proteger instituciones gubernamentales en M\u00e9xico","og_url":"https:\/\/www.ikusi.com\/mx\/blog\/el-sector-publico-frente-a-la-ciberseguridad-estamos-realmente-preparados\/","og_site_name":"Ikusi","article_publisher":"https:\/\/www.facebook.com\/IkusiVelatia","article_published_time":"2025-01-14T23:40:12+00:00","og_image":[{"width":1920,"height":1080,"url":"https:\/\/www.ikusi.com\/wp-content\/uploads\/2025\/01\/portada-9.jpg","type":"image\/jpeg"}],"author":"Daniel Michaus","twitter_card":"summary_large_image","twitter_creator":"@ikusi_espana","twitter_site":"@ikusi_espana","twitter_misc":{"Escrito por":"Daniel Michaus","Tiempo de lectura":"5 minutos"},"schema":{"@context":"https:\/\/schema.org","@graph":[{"@type":"Article","@id":"https:\/\/www.ikusi.com\/mx\/blog\/el-sector-publico-frente-a-la-ciberseguridad-estamos-realmente-preparados\/#article","isPartOf":{"@id":"https:\/\/www.ikusi.com\/mx\/blog\/el-sector-publico-frente-a-la-ciberseguridad-estamos-realmente-preparados\/"},"author":{"name":"Daniel Michaus","@id":"https:\/\/www.ikusi.com\/mx\/#\/schema\/person\/3da9366c29c7b1236cffbc000b09db79"},"headline":"El sector p\u00fablico frente a la ciberseguridad: \u00bfEstamos realmente preparados?","datePublished":"2025-01-14T23:40:12+00:00","mainEntityOfPage":{"@id":"https:\/\/www.ikusi.com\/mx\/blog\/el-sector-publico-frente-a-la-ciberseguridad-estamos-realmente-preparados\/"},"wordCount":739,"publisher":{"@id":"https:\/\/www.ikusi.com\/mx\/#organization"},"image":{"@id":"https:\/\/www.ikusi.com\/mx\/blog\/el-sector-publico-frente-a-la-ciberseguridad-estamos-realmente-preparados\/#primaryimage"},"thumbnailUrl":"https:\/\/www.ikusi.com\/wp-content\/uploads\/2025\/01\/portada-9.jpg","keywords":["Ciberseguridad","Instituciones Gubernamentales","observabilidad","Sector P\u00fablico"],"articleSection":["Transformaci\u00f3n de las empresas"],"inLanguage":"es"},{"@type":"WebPage","@id":"https:\/\/www.ikusi.com\/mx\/blog\/el-sector-publico-frente-a-la-ciberseguridad-estamos-realmente-preparados\/","url":"https:\/\/www.ikusi.com\/mx\/blog\/el-sector-publico-frente-a-la-ciberseguridad-estamos-realmente-preparados\/","name":"El sector p\u00fablico frente a la ciberseguridad: \u00bfEstamos realmente preparados? - Ikusi","isPartOf":{"@id":"https:\/\/www.ikusi.com\/mx\/#website"},"primaryImageOfPage":{"@id":"https:\/\/www.ikusi.com\/mx\/blog\/el-sector-publico-frente-a-la-ciberseguridad-estamos-realmente-preparados\/#primaryimage"},"image":{"@id":"https:\/\/www.ikusi.com\/mx\/blog\/el-sector-publico-frente-a-la-ciberseguridad-estamos-realmente-preparados\/#primaryimage"},"thumbnailUrl":"https:\/\/www.ikusi.com\/wp-content\/uploads\/2025\/01\/portada-9.jpg","datePublished":"2025-01-14T23:40:12+00:00","description":"Descubre los retos de ciberseguridad en el sector p\u00fablico: datos, amenazas y soluciones para proteger instituciones gubernamentales en M\u00e9xico","breadcrumb":{"@id":"https:\/\/www.ikusi.com\/mx\/blog\/el-sector-publico-frente-a-la-ciberseguridad-estamos-realmente-preparados\/#breadcrumb"},"inLanguage":"es","potentialAction":[{"@type":"ReadAction","target":["https:\/\/www.ikusi.com\/mx\/blog\/el-sector-publico-frente-a-la-ciberseguridad-estamos-realmente-preparados\/"]}]},{"@type":"ImageObject","inLanguage":"es","@id":"https:\/\/www.ikusi.com\/mx\/blog\/el-sector-publico-frente-a-la-ciberseguridad-estamos-realmente-preparados\/#primaryimage","url":"https:\/\/www.ikusi.com\/wp-content\/uploads\/2025\/01\/portada-9.jpg","contentUrl":"https:\/\/www.ikusi.com\/wp-content\/uploads\/2025\/01\/portada-9.jpg","width":1920,"height":1080,"caption":"Descubre los retos de ciberseguridad en el sector p\u00fablico: datos, amenazas y soluciones para proteger instituciones gubernamentales en M\u00e9xico"},{"@type":"BreadcrumbList","@id":"https:\/\/www.ikusi.com\/mx\/blog\/el-sector-publico-frente-a-la-ciberseguridad-estamos-realmente-preparados\/#breadcrumb","itemListElement":[{"@type":"ListItem","position":1,"name":"Portada","item":"https:\/\/www.ikusi.com\/mx\/"},{"@type":"ListItem","position":2,"name":"El sector p\u00fablico frente a la ciberseguridad: \u00bfEstamos realmente preparados?"}]},{"@type":"WebSite","@id":"https:\/\/www.ikusi.com\/mx\/#website","url":"https:\/\/www.ikusi.com\/mx\/","name":"Ikusi - Servicios de Digitalizaci\u00f3n y Ciberseguridad","description":"","publisher":{"@id":"https:\/\/www.ikusi.com\/mx\/#organization"},"potentialAction":[{"@type":"SearchAction","target":{"@type":"EntryPoint","urlTemplate":"https:\/\/www.ikusi.com\/mx\/?s={search_term_string}"},"query-input":{"@type":"PropertyValueSpecification","valueRequired":true,"valueName":"search_term_string"}}],"inLanguage":"es"},{"@type":"Organization","@id":"https:\/\/www.ikusi.com\/mx\/#organization","name":"Ikusi","url":"https:\/\/www.ikusi.com\/mx\/","logo":{"@type":"ImageObject","inLanguage":"es","@id":"https:\/\/www.ikusi.com\/mx\/#\/schema\/logo\/image\/","url":"https:\/\/www.ikusi.com\/wp-content\/uploads\/2025\/06\/logo-ikusi.svg","contentUrl":"https:\/\/www.ikusi.com\/wp-content\/uploads\/2025\/06\/logo-ikusi.svg","width":1,"height":1,"caption":"Ikusi"},"image":{"@id":"https:\/\/www.ikusi.com\/mx\/#\/schema\/logo\/image\/"},"sameAs":["https:\/\/www.facebook.com\/IkusiVelatia","https:\/\/x.com\/ikusi_espana","https:\/\/www.instagram.com\/ikusi.velatia\/","https:\/\/www.linkedin.com\/company\/ikusi\/","https:\/\/www.youtube.com\/user\/IkusiGroup"]},{"@type":"Person","@id":"https:\/\/www.ikusi.com\/mx\/#\/schema\/person\/3da9366c29c7b1236cffbc000b09db79","name":"Daniel Michaus","image":{"@type":"ImageObject","inLanguage":"es","@id":"https:\/\/www.ikusi.com\/mx\/#\/schema\/person\/image\/","url":"https:\/\/secure.gravatar.com\/avatar\/468b8a99738928b595b853505866cdfd3cb1be9f4100b43a99cad148072a0b06?s=96&d=mm&r=g","contentUrl":"https:\/\/secure.gravatar.com\/avatar\/468b8a99738928b595b853505866cdfd3cb1be9f4100b43a99cad148072a0b06?s=96&d=mm&r=g","caption":"Daniel Michaus"},"url":"https:\/\/www.ikusi.com\/mx\/author\/daniel-michausuxmarketing-com\/"}]}},"_links":{"self":[{"href":"https:\/\/www.ikusi.com\/mx\/wp-json\/wp\/v2\/posts\/16434","targetHints":{"allow":["GET"]}}],"collection":[{"href":"https:\/\/www.ikusi.com\/mx\/wp-json\/wp\/v2\/posts"}],"about":[{"href":"https:\/\/www.ikusi.com\/mx\/wp-json\/wp\/v2\/types\/post"}],"author":[{"embeddable":true,"href":"https:\/\/www.ikusi.com\/mx\/wp-json\/wp\/v2\/users\/39"}],"replies":[{"embeddable":true,"href":"https:\/\/www.ikusi.com\/mx\/wp-json\/wp\/v2\/comments?post=16434"}],"version-history":[{"count":0,"href":"https:\/\/www.ikusi.com\/mx\/wp-json\/wp\/v2\/posts\/16434\/revisions"}],"wp:featuredmedia":[{"embeddable":true,"href":"https:\/\/www.ikusi.com\/mx\/wp-json\/wp\/v2\/media\/14789"}],"wp:attachment":[{"href":"https:\/\/www.ikusi.com\/mx\/wp-json\/wp\/v2\/media?parent=16434"}],"wp:term":[{"taxonomy":"category","embeddable":true,"href":"https:\/\/www.ikusi.com\/mx\/wp-json\/wp\/v2\/categories?post=16434"},{"taxonomy":"post_tag","embeddable":true,"href":"https:\/\/www.ikusi.com\/mx\/wp-json\/wp\/v2\/tags?post=16434"},{"taxonomy":"temas","embeddable":true,"href":"https:\/\/www.ikusi.com\/mx\/wp-json\/wp\/v2\/temas?post=16434"}],"curies":[{"name":"wp","href":"https:\/\/api.w.org\/{rel}","templated":true}]}}