{"id":16445,"date":"2025-02-18T03:45:33","date_gmt":"2025-02-18T09:45:33","guid":{"rendered":"https:\/\/www.ikusi.com\/mx\/?p=12211"},"modified":"2025-02-18T03:45:33","modified_gmt":"2025-02-18T09:45:33","slug":"resiliencia-digital-latam-ia","status":"publish","type":"post","link":"https:\/\/www.ikusi.com\/mx\/blog\/resiliencia-digital-latam-ia\/","title":{"rendered":"Resiliencia Digital en la Era de la Inteligencia Artificial en LATAM"},"content":{"rendered":"\n<p>Cuando hablamos de resiliencia digital, digitalizaci\u00f3n o tecnolog\u00eda, a menudo parece que nos referimos a conceptos lejanos, ajenos a nuestra vida cotidiana. Sin embargo, la realidad es muy distinta. La tecnolog\u00eda est\u00e1 profundamente entrelazada con la forma en que trabajamos y vivimos, y estas din\u00e1micas est\u00e1n cambiando a un ritmo sin precedentes.<\/p>\n\n\n\n<p>Hoy en d\u00eda, t\u00e9rminos como inteligencia artificial (IA),&nbsp;<a href=\"https:\/\/www.ikusi.com\/mx\/servicios\/servicios-por-suscripcion\/#ciberseguridad\">ciberseguridad&nbsp;<\/a>y&nbsp;<a href=\"https:\/\/www.ikusi.com\/mx\/servicios\/servicios-por-suscripcion\/#full-visibility\">observabilidad&nbsp;<\/a>no son simples conceptos abstractos, sino elementos esenciales en la manera en que operamos. Ignorar su impacto es un error, ya que cada vez m\u00e1s determinan la eficiencia, la seguridad y la capacidad de adaptaci\u00f3n de empresas y usuarios en M\u00e9xico.<\/p>\n\n\n\n<h2 class=\"wp-block-heading\"><strong>La Importancia de la Resiliencia Digital<\/strong><\/h2>\n\n\n\n<p>Este escenario que se est\u00e1 gestando tiene mucho que ver con la IA, que se ha convertido en el principal acelerador de la transformaci\u00f3n digital. Su impacto es profundo y transversal: est\u00e1 revolucionando la manera en que las organizaciones mexicanas crean y entregan bienes, servicios y experiencias.<\/p>\n\n\n\n<h2 class=\"wp-block-heading\"><strong>C\u00f3mo la IA Impulsa la Resiliencia Digital<\/strong><\/h2>\n\n\n\n<p>Para aprovechar su potencial, las empresas en M\u00e9xico deben integrar la IA en sus infraestructuras tecnol\u00f3gicas y est\u00e1n concentrando sus esfuerzos en tres pilares fundamentales. Por una parte, est\u00e1n adaptando sus centros de datos a las necesidades de procesamiento que va a traer consigo la inteligencia artificial. Para ello, los centros de datos est\u00e1n evolucionando para asumir nuevas cargas de trabajo con soluciones integradas que combinan redes, computaci\u00f3n y almacenamiento. Esta transformaci\u00f3n busca eliminar silos y apostar por una gesti\u00f3n unificada con visibilidad total sobre lo que ocurre en la red.<\/p>\n\n\n\n<h2 class=\"wp-block-heading\"><strong>Estrategias para Mejorar en las Empresas<\/strong><\/h2>\n\n\n\n<p>Los espacios en los que se desarrolla el trabajo tambi\u00e9n est\u00e1n inmersos en un proceso de modernizaci\u00f3n. Est\u00e1n adoptando infraestructuras inteligentes y redes seguras con capacidades avanzadas de monitoreo en tiempo real, automatizaci\u00f3n y estrategias de<a href=\"https:\/\/www.ciscolive.com\/c\/dam\/r\/ciscolive\/emea\/docs\/2024\/pdf\/BRKSEC-2053.pdf\">&nbsp;Confianza Cero (Zero Trust)<\/a>. Adem\u00e1s, se est\u00e1n implementando edificios inteligentes que no solo son m\u00e1s seguros, sino tambi\u00e9n m\u00e1s sostenibles y capaces de ofrecer experiencias inmersivas a los usuarios.<\/p>\n\n\n\n<h2 class=\"wp-block-heading\"><strong>La Resiliencia como V\u00e9rtice de la Transformaci\u00f3n<\/strong><\/h2>\n\n\n\n<p>Y como v\u00e9rtice de la pir\u00e1mide de estos cambios, se sit\u00faa la resiliencia digital, el factor clave que permite a las organizaciones anticiparse, adaptarse y responder con rapidez ante desaf\u00edos tecnol\u00f3gicos y ciberamenazas.<\/p>\n\n\n\n<p>Esta resiliencia digital es la suma de varios conceptos. Por una parte, la seguridad entendida como protecci\u00f3n integral contra amenazas con prevenci\u00f3n, detecci\u00f3n y respuesta eficiente para organizaciones de cualquier tama\u00f1o. A la que se suman las soluciones para garantizar conectividad ininterrumpida a trav\u00e9s de redes empresariales, en la nube e internet, asegurando la entrega confiable de aplicaciones y servicios. Y, por \u00faltimo, pero no menos importante, la observabilidad entendida como un monitoreo continuo para prever tiempos de inactividad y optimizar experiencias en entornos h\u00edbridos y distribuidos.<\/p>\n\n\n\n<p>Parece que la digitalizaci\u00f3n no se presenta como una opci\u00f3n, sino como una realidad que requiere adaptaci\u00f3n constante. Se impone la resiliencia digital como un factor de sostenibilidad para las empresas en M\u00e9xico, definido por la capacidad para prevenir problemas, responder con agilidad y convertir cada desaf\u00edo en una oportunidad de mejora y evoluci\u00f3n.<\/p>\n","protected":false},"excerpt":{"rendered":"<p>Cuando hablamos de resiliencia digital, digitalizaci\u00f3n o tecnolog\u00eda, a menudo parece que nos referimos a conceptos lejanos, ajenos a nuestra [&hellip;]<\/p>\n","protected":false},"author":5,"featured_media":17792,"comment_status":"closed","ping_status":"closed","sticky":false,"template":"","format":"standard","meta":{"_acf_changed":false,"footnotes":""},"categories":[169],"tags":[53,288],"temas":[37],"class_list":["post-16445","post","type-post","status-publish","format-standard","has-post-thumbnail","hentry","category-aplicacion-soluciones-mx","tag-inteligencia-artificial","tag-resiliencia-digital","temas-inteligencia-artificial"],"acf":[],"yoast_head":"<!-- This site is optimized with the Yoast SEO plugin v25.9 - https:\/\/yoast.com\/wordpress\/plugins\/seo\/ -->\n<title>Resiliencia Digital en la Era de la Inteligencia Artificial en LATAM - Ikusi<\/title>\n<meta name=\"description\" content=\"Descubre c\u00f3mo la IA est\u00e1 impulsando la resiliencia digital en M\u00e9xico, transformando la manera en que las empresas operan.\" \/>\n<meta name=\"robots\" content=\"index, follow, max-snippet:-1, max-image-preview:large, max-video-preview:-1\" \/>\n<link rel=\"canonical\" href=\"https:\/\/www.ikusi.com\/mx\/blog\/resiliencia-digital-latam-ia\/\" \/>\n<meta property=\"og:locale\" content=\"es_MX\" \/>\n<meta property=\"og:type\" content=\"article\" \/>\n<meta property=\"og:title\" content=\"Resiliencia Digital en la Era de la Inteligencia Artificial en LATAM - Ikusi\" \/>\n<meta property=\"og:description\" content=\"Descubre c\u00f3mo la IA est\u00e1 impulsando la resiliencia digital en M\u00e9xico, transformando la manera en que las empresas operan.\" \/>\n<meta property=\"og:url\" content=\"https:\/\/www.ikusi.com\/mx\/blog\/resiliencia-digital-latam-ia\/\" \/>\n<meta property=\"og:site_name\" content=\"Ikusi\" \/>\n<meta property=\"article:publisher\" content=\"https:\/\/www.facebook.com\/IkusiVelatia\" \/>\n<meta property=\"article:published_time\" content=\"2025-02-18T09:45:33+00:00\" \/>\n<meta property=\"og:image\" content=\"https:\/\/www.ikusi.com\/wp-content\/uploads\/2025\/07\/POST_foto-2.jpg\" \/>\n\t<meta property=\"og:image:width\" content=\"900\" \/>\n\t<meta property=\"og:image:height\" content=\"394\" \/>\n\t<meta property=\"og:image:type\" content=\"image\/jpeg\" \/>\n<meta name=\"author\" content=\"Milel Jaurrieta\" \/>\n<meta name=\"twitter:card\" content=\"summary_large_image\" \/>\n<meta name=\"twitter:creator\" content=\"@ikusi_espana\" \/>\n<meta name=\"twitter:site\" content=\"@ikusi_espana\" \/>\n<meta name=\"twitter:label1\" content=\"Escrito por\" \/>\n\t<meta name=\"twitter:data1\" content=\"Milel Jaurrieta\" \/>\n\t<meta name=\"twitter:label2\" content=\"Tiempo de lectura\" \/>\n\t<meta name=\"twitter:data2\" content=\"3 minutos\" \/>\n<script type=\"application\/ld+json\" class=\"yoast-schema-graph\">{\"@context\":\"https:\/\/schema.org\",\"@graph\":[{\"@type\":\"Article\",\"@id\":\"https:\/\/www.ikusi.com\/mx\/blog\/resiliencia-digital-latam-ia\/#article\",\"isPartOf\":{\"@id\":\"https:\/\/www.ikusi.com\/mx\/blog\/resiliencia-digital-latam-ia\/\"},\"author\":{\"name\":\"Milel Jaurrieta\",\"@id\":\"https:\/\/www.ikusi.com\/mx\/#\/schema\/person\/87b9560533a083b882d459f751f6947f\"},\"headline\":\"Resiliencia Digital en la Era de la Inteligencia Artificial en LATAM\",\"datePublished\":\"2025-02-18T09:45:33+00:00\",\"mainEntityOfPage\":{\"@id\":\"https:\/\/www.ikusi.com\/mx\/blog\/resiliencia-digital-latam-ia\/\"},\"wordCount\":572,\"publisher\":{\"@id\":\"https:\/\/www.ikusi.com\/mx\/#organization\"},\"image\":{\"@id\":\"https:\/\/www.ikusi.com\/mx\/blog\/resiliencia-digital-latam-ia\/#primaryimage\"},\"thumbnailUrl\":\"https:\/\/www.ikusi.com\/wp-content\/uploads\/2025\/07\/POST_foto-2.jpg\",\"keywords\":[\"inteligencia artificial\",\"Resiliencia digital\"],\"articleSection\":[\"Aplicaci\u00f3n de soluciones\"],\"inLanguage\":\"es\"},{\"@type\":\"WebPage\",\"@id\":\"https:\/\/www.ikusi.com\/mx\/blog\/resiliencia-digital-latam-ia\/\",\"url\":\"https:\/\/www.ikusi.com\/mx\/blog\/resiliencia-digital-latam-ia\/\",\"name\":\"Resiliencia Digital en la Era de la Inteligencia Artificial en LATAM - Ikusi\",\"isPartOf\":{\"@id\":\"https:\/\/www.ikusi.com\/mx\/#website\"},\"primaryImageOfPage\":{\"@id\":\"https:\/\/www.ikusi.com\/mx\/blog\/resiliencia-digital-latam-ia\/#primaryimage\"},\"image\":{\"@id\":\"https:\/\/www.ikusi.com\/mx\/blog\/resiliencia-digital-latam-ia\/#primaryimage\"},\"thumbnailUrl\":\"https:\/\/www.ikusi.com\/wp-content\/uploads\/2025\/07\/POST_foto-2.jpg\",\"datePublished\":\"2025-02-18T09:45:33+00:00\",\"description\":\"Descubre c\u00f3mo la IA est\u00e1 impulsando la resiliencia digital en M\u00e9xico, transformando la manera en que las empresas operan.\",\"breadcrumb\":{\"@id\":\"https:\/\/www.ikusi.com\/mx\/blog\/resiliencia-digital-latam-ia\/#breadcrumb\"},\"inLanguage\":\"es\",\"potentialAction\":[{\"@type\":\"ReadAction\",\"target\":[\"https:\/\/www.ikusi.com\/mx\/blog\/resiliencia-digital-latam-ia\/\"]}]},{\"@type\":\"ImageObject\",\"inLanguage\":\"es\",\"@id\":\"https:\/\/www.ikusi.com\/mx\/blog\/resiliencia-digital-latam-ia\/#primaryimage\",\"url\":\"https:\/\/www.ikusi.com\/wp-content\/uploads\/2025\/07\/POST_foto-2.jpg\",\"contentUrl\":\"https:\/\/www.ikusi.com\/wp-content\/uploads\/2025\/07\/POST_foto-2.jpg\",\"width\":900,\"height\":394,\"caption\":\"High angle view of businesspeople discussing strategy at coffee table in office\"},{\"@type\":\"BreadcrumbList\",\"@id\":\"https:\/\/www.ikusi.com\/mx\/blog\/resiliencia-digital-latam-ia\/#breadcrumb\",\"itemListElement\":[{\"@type\":\"ListItem\",\"position\":1,\"name\":\"Portada\",\"item\":\"https:\/\/www.ikusi.com\/mx\/\"},{\"@type\":\"ListItem\",\"position\":2,\"name\":\"Resiliencia Digital en la Era de la Inteligencia Artificial en LATAM\"}]},{\"@type\":\"WebSite\",\"@id\":\"https:\/\/www.ikusi.com\/mx\/#website\",\"url\":\"https:\/\/www.ikusi.com\/mx\/\",\"name\":\"Ikusi - Servicios de Digitalizaci\u00f3n y Ciberseguridad\",\"description\":\"\",\"publisher\":{\"@id\":\"https:\/\/www.ikusi.com\/mx\/#organization\"},\"potentialAction\":[{\"@type\":\"SearchAction\",\"target\":{\"@type\":\"EntryPoint\",\"urlTemplate\":\"https:\/\/www.ikusi.com\/mx\/?s={search_term_string}\"},\"query-input\":{\"@type\":\"PropertyValueSpecification\",\"valueRequired\":true,\"valueName\":\"search_term_string\"}}],\"inLanguage\":\"es\"},{\"@type\":\"Organization\",\"@id\":\"https:\/\/www.ikusi.com\/mx\/#organization\",\"name\":\"Ikusi\",\"url\":\"https:\/\/www.ikusi.com\/mx\/\",\"logo\":{\"@type\":\"ImageObject\",\"inLanguage\":\"es\",\"@id\":\"https:\/\/www.ikusi.com\/mx\/#\/schema\/logo\/image\/\",\"url\":\"https:\/\/www.ikusi.com\/wp-content\/uploads\/2025\/06\/logo-ikusi.svg\",\"contentUrl\":\"https:\/\/www.ikusi.com\/wp-content\/uploads\/2025\/06\/logo-ikusi.svg\",\"width\":1,\"height\":1,\"caption\":\"Ikusi\"},\"image\":{\"@id\":\"https:\/\/www.ikusi.com\/mx\/#\/schema\/logo\/image\/\"},\"sameAs\":[\"https:\/\/www.facebook.com\/IkusiVelatia\",\"https:\/\/x.com\/ikusi_espana\",\"https:\/\/www.instagram.com\/ikusi.velatia\/\",\"https:\/\/www.linkedin.com\/company\/ikusi\/\",\"https:\/\/www.youtube.com\/user\/IkusiGroup\"]},{\"@type\":\"Person\",\"@id\":\"https:\/\/www.ikusi.com\/mx\/#\/schema\/person\/87b9560533a083b882d459f751f6947f\",\"name\":\"Milel Jaurrieta\",\"image\":{\"@type\":\"ImageObject\",\"inLanguage\":\"es\",\"@id\":\"https:\/\/www.ikusi.com\/mx\/#\/schema\/person\/image\/\",\"url\":\"https:\/\/secure.gravatar.com\/avatar\/aa8f3862f189c6f4140a969d6275c0b6dc846c4878b32f6baf156132342e11d0?s=96&d=mm&r=g\",\"contentUrl\":\"https:\/\/secure.gravatar.com\/avatar\/aa8f3862f189c6f4140a969d6275c0b6dc846c4878b32f6baf156132342e11d0?s=96&d=mm&r=g\",\"caption\":\"Milel Jaurrieta\"},\"url\":\"https:\/\/www.ikusi.com\/mx\/author\/mikel-jaurrieta\/\"}]}<\/script>\n<!-- \/ Yoast SEO plugin. -->","yoast_head_json":{"title":"Resiliencia Digital en la Era de la Inteligencia Artificial en LATAM - Ikusi","description":"Descubre c\u00f3mo la IA est\u00e1 impulsando la resiliencia digital en M\u00e9xico, transformando la manera en que las empresas operan.","robots":{"index":"index","follow":"follow","max-snippet":"max-snippet:-1","max-image-preview":"max-image-preview:large","max-video-preview":"max-video-preview:-1"},"canonical":"https:\/\/www.ikusi.com\/mx\/blog\/resiliencia-digital-latam-ia\/","og_locale":"es_MX","og_type":"article","og_title":"Resiliencia Digital en la Era de la Inteligencia Artificial en LATAM - Ikusi","og_description":"Descubre c\u00f3mo la IA est\u00e1 impulsando la resiliencia digital en M\u00e9xico, transformando la manera en que las empresas operan.","og_url":"https:\/\/www.ikusi.com\/mx\/blog\/resiliencia-digital-latam-ia\/","og_site_name":"Ikusi","article_publisher":"https:\/\/www.facebook.com\/IkusiVelatia","article_published_time":"2025-02-18T09:45:33+00:00","og_image":[{"width":900,"height":394,"url":"https:\/\/www.ikusi.com\/wp-content\/uploads\/2025\/07\/POST_foto-2.jpg","type":"image\/jpeg"}],"author":"Milel Jaurrieta","twitter_card":"summary_large_image","twitter_creator":"@ikusi_espana","twitter_site":"@ikusi_espana","twitter_misc":{"Escrito por":"Milel Jaurrieta","Tiempo de lectura":"3 minutos"},"schema":{"@context":"https:\/\/schema.org","@graph":[{"@type":"Article","@id":"https:\/\/www.ikusi.com\/mx\/blog\/resiliencia-digital-latam-ia\/#article","isPartOf":{"@id":"https:\/\/www.ikusi.com\/mx\/blog\/resiliencia-digital-latam-ia\/"},"author":{"name":"Milel Jaurrieta","@id":"https:\/\/www.ikusi.com\/mx\/#\/schema\/person\/87b9560533a083b882d459f751f6947f"},"headline":"Resiliencia Digital en la Era de la Inteligencia Artificial en LATAM","datePublished":"2025-02-18T09:45:33+00:00","mainEntityOfPage":{"@id":"https:\/\/www.ikusi.com\/mx\/blog\/resiliencia-digital-latam-ia\/"},"wordCount":572,"publisher":{"@id":"https:\/\/www.ikusi.com\/mx\/#organization"},"image":{"@id":"https:\/\/www.ikusi.com\/mx\/blog\/resiliencia-digital-latam-ia\/#primaryimage"},"thumbnailUrl":"https:\/\/www.ikusi.com\/wp-content\/uploads\/2025\/07\/POST_foto-2.jpg","keywords":["inteligencia artificial","Resiliencia digital"],"articleSection":["Aplicaci\u00f3n de soluciones"],"inLanguage":"es"},{"@type":"WebPage","@id":"https:\/\/www.ikusi.com\/mx\/blog\/resiliencia-digital-latam-ia\/","url":"https:\/\/www.ikusi.com\/mx\/blog\/resiliencia-digital-latam-ia\/","name":"Resiliencia Digital en la Era de la Inteligencia Artificial en LATAM - Ikusi","isPartOf":{"@id":"https:\/\/www.ikusi.com\/mx\/#website"},"primaryImageOfPage":{"@id":"https:\/\/www.ikusi.com\/mx\/blog\/resiliencia-digital-latam-ia\/#primaryimage"},"image":{"@id":"https:\/\/www.ikusi.com\/mx\/blog\/resiliencia-digital-latam-ia\/#primaryimage"},"thumbnailUrl":"https:\/\/www.ikusi.com\/wp-content\/uploads\/2025\/07\/POST_foto-2.jpg","datePublished":"2025-02-18T09:45:33+00:00","description":"Descubre c\u00f3mo la IA est\u00e1 impulsando la resiliencia digital en M\u00e9xico, transformando la manera en que las empresas operan.","breadcrumb":{"@id":"https:\/\/www.ikusi.com\/mx\/blog\/resiliencia-digital-latam-ia\/#breadcrumb"},"inLanguage":"es","potentialAction":[{"@type":"ReadAction","target":["https:\/\/www.ikusi.com\/mx\/blog\/resiliencia-digital-latam-ia\/"]}]},{"@type":"ImageObject","inLanguage":"es","@id":"https:\/\/www.ikusi.com\/mx\/blog\/resiliencia-digital-latam-ia\/#primaryimage","url":"https:\/\/www.ikusi.com\/wp-content\/uploads\/2025\/07\/POST_foto-2.jpg","contentUrl":"https:\/\/www.ikusi.com\/wp-content\/uploads\/2025\/07\/POST_foto-2.jpg","width":900,"height":394,"caption":"High angle view of businesspeople discussing strategy at coffee table in office"},{"@type":"BreadcrumbList","@id":"https:\/\/www.ikusi.com\/mx\/blog\/resiliencia-digital-latam-ia\/#breadcrumb","itemListElement":[{"@type":"ListItem","position":1,"name":"Portada","item":"https:\/\/www.ikusi.com\/mx\/"},{"@type":"ListItem","position":2,"name":"Resiliencia Digital en la Era de la Inteligencia Artificial en LATAM"}]},{"@type":"WebSite","@id":"https:\/\/www.ikusi.com\/mx\/#website","url":"https:\/\/www.ikusi.com\/mx\/","name":"Ikusi - Servicios de Digitalizaci\u00f3n y Ciberseguridad","description":"","publisher":{"@id":"https:\/\/www.ikusi.com\/mx\/#organization"},"potentialAction":[{"@type":"SearchAction","target":{"@type":"EntryPoint","urlTemplate":"https:\/\/www.ikusi.com\/mx\/?s={search_term_string}"},"query-input":{"@type":"PropertyValueSpecification","valueRequired":true,"valueName":"search_term_string"}}],"inLanguage":"es"},{"@type":"Organization","@id":"https:\/\/www.ikusi.com\/mx\/#organization","name":"Ikusi","url":"https:\/\/www.ikusi.com\/mx\/","logo":{"@type":"ImageObject","inLanguage":"es","@id":"https:\/\/www.ikusi.com\/mx\/#\/schema\/logo\/image\/","url":"https:\/\/www.ikusi.com\/wp-content\/uploads\/2025\/06\/logo-ikusi.svg","contentUrl":"https:\/\/www.ikusi.com\/wp-content\/uploads\/2025\/06\/logo-ikusi.svg","width":1,"height":1,"caption":"Ikusi"},"image":{"@id":"https:\/\/www.ikusi.com\/mx\/#\/schema\/logo\/image\/"},"sameAs":["https:\/\/www.facebook.com\/IkusiVelatia","https:\/\/x.com\/ikusi_espana","https:\/\/www.instagram.com\/ikusi.velatia\/","https:\/\/www.linkedin.com\/company\/ikusi\/","https:\/\/www.youtube.com\/user\/IkusiGroup"]},{"@type":"Person","@id":"https:\/\/www.ikusi.com\/mx\/#\/schema\/person\/87b9560533a083b882d459f751f6947f","name":"Milel Jaurrieta","image":{"@type":"ImageObject","inLanguage":"es","@id":"https:\/\/www.ikusi.com\/mx\/#\/schema\/person\/image\/","url":"https:\/\/secure.gravatar.com\/avatar\/aa8f3862f189c6f4140a969d6275c0b6dc846c4878b32f6baf156132342e11d0?s=96&d=mm&r=g","contentUrl":"https:\/\/secure.gravatar.com\/avatar\/aa8f3862f189c6f4140a969d6275c0b6dc846c4878b32f6baf156132342e11d0?s=96&d=mm&r=g","caption":"Milel Jaurrieta"},"url":"https:\/\/www.ikusi.com\/mx\/author\/mikel-jaurrieta\/"}]}},"_links":{"self":[{"href":"https:\/\/www.ikusi.com\/mx\/wp-json\/wp\/v2\/posts\/16445","targetHints":{"allow":["GET"]}}],"collection":[{"href":"https:\/\/www.ikusi.com\/mx\/wp-json\/wp\/v2\/posts"}],"about":[{"href":"https:\/\/www.ikusi.com\/mx\/wp-json\/wp\/v2\/types\/post"}],"author":[{"embeddable":true,"href":"https:\/\/www.ikusi.com\/mx\/wp-json\/wp\/v2\/users\/5"}],"replies":[{"embeddable":true,"href":"https:\/\/www.ikusi.com\/mx\/wp-json\/wp\/v2\/comments?post=16445"}],"version-history":[{"count":0,"href":"https:\/\/www.ikusi.com\/mx\/wp-json\/wp\/v2\/posts\/16445\/revisions"}],"wp:featuredmedia":[{"embeddable":true,"href":"https:\/\/www.ikusi.com\/mx\/wp-json\/wp\/v2\/media\/17792"}],"wp:attachment":[{"href":"https:\/\/www.ikusi.com\/mx\/wp-json\/wp\/v2\/media?parent=16445"}],"wp:term":[{"taxonomy":"category","embeddable":true,"href":"https:\/\/www.ikusi.com\/mx\/wp-json\/wp\/v2\/categories?post=16445"},{"taxonomy":"post_tag","embeddable":true,"href":"https:\/\/www.ikusi.com\/mx\/wp-json\/wp\/v2\/tags?post=16445"},{"taxonomy":"temas","embeddable":true,"href":"https:\/\/www.ikusi.com\/mx\/wp-json\/wp\/v2\/temas?post=16445"}],"curies":[{"name":"wp","href":"https:\/\/api.w.org\/{rel}","templated":true}]}}