{"id":4138,"date":"2020-08-04T14:54:40","date_gmt":"2020-08-04T14:54:40","guid":{"rendered":"https:\/\/www.ikusi.com\/como-adaptar-la-ensenanza-presencial-a-la-virtual\/"},"modified":"2020-08-04T14:54:40","modified_gmt":"2020-08-04T14:54:40","slug":"como-adaptar-la-ensenanza-presencial-a-la-virtual","status":"publish","type":"post","link":"https:\/\/www.ikusi.com\/mx\/blog\/como-adaptar-la-ensenanza-presencial-a-la-virtual\/","title":{"rendered":"\u00bfC\u00f3mo adaptar la ense\u00f1anza presencial a la virtual?"},"content":{"rendered":"<p>Los cuerpos educativos de hoy deben ser capaces de utilizar las tecnolog\u00edas y asimilar la importancia e influencia que tienen en el presente y futuro. Los recursos tecnol\u00f3gicos son un elemento m\u00e1s en la edificaci\u00f3n del conocimiento, por lo que tambi\u00e9n est\u00e1n\u00a0creando\u00a0constantemente\u00a0nuevas formas de aprendizaje y ense\u00f1anza.\u00a0Pero\u00a0la realidad actual que\u00a0de alguna manera\u00a0nos ha mostrado la pandemia,\u00a0es que a\u00fan hay muchos retos que afrontar en este proceso de transformaci\u00f3n tecnol\u00f3gica.<\/p>\n<p>Se dice que el confinamiento entre\u00a0otras medidas, nos han llevado a\u00a0una \u201cnueva normalidad\u201d, y aunque muchas actividades econ\u00f3micas y sociales se han visto suspendidas, sin duda alguna las herramientas tecnol\u00f3gicas de colaboraci\u00f3n han sido como un\u00a0salvavidas\u00a0que nos mantiene a flote. Gracias a estas herramientas de colaboraci\u00f3n podemos mantenernos conectados y para muchos sectores inclusive ha\u00a0resultado en una mayor\u00a0ventaja, sin embargo, este modelo de colaboraci\u00f3n a distancia realmente no es nuevo.<\/p>\n<p>Se ha hablado del modelo a distancia en diversos sectores desde\u00a0por lo\u00a0menos una d\u00e9cada\u00a0atr\u00e1s. \u00bfEntonces porqu\u00e9 hasta ahora ha comenzado a ser adoptado? Los cambios pueden ser complejos, y el adoptar estos modelos no solo se trata de adquirir la tecnolog\u00eda, tambi\u00e9n se trata de adaptarse a ella y la realidad es que esto representa una gran dificultad para muchos sectores como es el caso del educativo.<\/p>\n<p>Pasar del sal\u00f3n de clases, repleto de compa\u00f1eros, butacas, un pizarr\u00f3n, ventanas, libros, etc., a estar gran parte del d\u00eda\u00a0solo\u00a0frente a una pantalla, tal vez en un espacio compartido con la familia,\u00a0roomates\u00a0o a solas, hace la experiencia educativa muy distinta. Esto podr\u00eda\u00a0resultar en una clase mon\u00f3tona, tediosa y dif\u00edcil de mantener la atenci\u00f3n,\u00a0pero\u00a0sabiendo\u00a0aprovechar al m\u00e1ximo las herramientas tecnol\u00f3gicas y sobre todo aprendiendo a\u00a0adoptarlas a nuestro estilo de ense\u00f1anza,\u00a0pueden hacer de una clase mucho m\u00e1s din\u00e1mica y de provecho. Si\u00a0te preguntas\u00a0c\u00f3mo hacer esto posible, te damos\u00a0algunos consejos\u00a0para\u00a0adaptar\u00a0la\u00a0ense\u00f1anza\u00a0tradicional en un sal\u00f3n de clases presencial\u00a0a la\u00a0virtual.<\/p>\n<h4>Colaboraci\u00f3n en el aula<\/h4>\n<ul>\n<li>Crea un espacio de anuncios, tareas, documentos y v\u00eddeos,\u00a0al que todos sepan que pueden\u00a0consultar\u00a0en cualquier momento, para obtener\u00a0la informaci\u00f3n m\u00e1s reciente sobre la clase.<\/li>\n<li>Crea un espacio para que pueda continuar la conversaci\u00f3n de los temas vistos en clase o proyectos\u00a0y en el que puedan chatear y resolver los problemas en grupo.<\/li>\n<li>Crea un espacio destinado al debate\u00a0y para el trabajo grupal de toda el aula y arma\u00a0grupos\u00a0de 4 o 5,\u00a0para trabajar\u00a0en equipos\u00a0en los que puedas actuar como facilitador.<\/li>\n<\/ul>\n<h4>Reuni\u00f3n virtual<\/h4>\n<ul>\n<li>Graba la clase para que quienes falten o deseen consultar de nuevo alg\u00fan tema puedan verla despu\u00e9s.\u00a0Permite que los alumnos que puedan se conecten al momento de la clase y a aquellos\u00a0que se les dificulten, puedan acceder a ella\u00a0despu\u00e9s.<\/li>\n<li>Abre un espacio de participaci\u00f3n para aquellos alumnos que miran la clase grabada, as\u00ed fomentar\u00e1s que contin\u00fae el debate y reforzar\u00e1s el aprendizaje.<\/li>\n<li>Organiza reuniones especiales para resoluci\u00f3n de problemas, que permita enfocar la atenci\u00f3n a las dudas o para pr\u00e1cticas antes del examen.<\/li>\n<li>Planifica un intervalo de 15 minutos con cada alumno para reunirse antes de que comience el semestre.<\/li>\n<\/ul>\n<ul>\n<li>Invita a que los alumnos participen de manera que se dirijan a sus compa\u00f1eros para mantener la interacci\u00f3n.<\/li>\n<\/ul>\n<p>Muchas instituciones hab\u00edan rechazado la educaci\u00f3n en l\u00ednea en el pasado por mantener los m\u00e9todos tradicionales de ense\u00f1anza, y con la pandemia\u00a0ahora es una realidad. En\u00a0Ikusi\u00a0comprendemos la importancia de que tambi\u00e9n las instituciones se mantengan actualizadas y capacitadas con las nuevas herramientas tecnol\u00f3gicas. Por eso, ofrecemos las soluciones tecnol\u00f3gicas m\u00e1s seguras y completas para esta tarea, pero no solo eso, tambi\u00e9n entendemos lo que requiere esta adaptaci\u00f3n y como en todo valoramos el factor humano.\u00a0Consulta nuestras soluciones de colaboraci\u00f3n y obt\u00e9n que mejor se adecue a tus necesidades.<\/p>\n","protected":false},"excerpt":{"rendered":"<p>Gracias a las herramientas de colaboraci\u00f3n seguimos conectados.<\/p>\n","protected":false},"author":3,"featured_media":20034,"comment_status":"open","ping_status":"open","sticky":false,"template":"","format":"standard","meta":{"_acf_changed":false,"footnotes":""},"categories":[169],"tags":[17,48],"temas":[21],"class_list":["post-4138","post","type-post","status-publish","format-standard","has-post-thumbnail","hentry","category-aplicacion-soluciones-mx","tag-colaboracion","tag-ucaas","temas-colaboracion"],"acf":[],"yoast_head":"<!-- This site is optimized with the Yoast SEO plugin v25.9 - https:\/\/yoast.com\/wordpress\/plugins\/seo\/ -->\n<title>\u00bfC\u00f3mo adaptar la ense\u00f1anza presencial a la virtual? - Ikusi<\/title>\n<meta name=\"description\" content=\"Debido a la\u00a0pandemia, algunas actividades sociales se han suspendido, pero gracias a las herramientas de colaboraci\u00f3n seguimos conectados.\" \/>\n<meta name=\"robots\" content=\"index, follow, max-snippet:-1, max-image-preview:large, max-video-preview:-1\" \/>\n<link rel=\"canonical\" href=\"https:\/\/www.ikusi.com\/mx\/blog\/como-adaptar-la-ensenanza-presencial-a-la-virtual\/\" \/>\n<meta property=\"og:locale\" content=\"es_MX\" \/>\n<meta property=\"og:type\" content=\"article\" \/>\n<meta property=\"og:title\" content=\"\u00bfC\u00f3mo adaptar la ense\u00f1anza presencial a la virtual? - Ikusi\" \/>\n<meta property=\"og:description\" content=\"Debido a la\u00a0pandemia, algunas actividades sociales se han suspendido, pero gracias a las herramientas de colaboraci\u00f3n seguimos conectados.\" \/>\n<meta property=\"og:url\" content=\"https:\/\/www.ikusi.com\/mx\/blog\/como-adaptar-la-ensenanza-presencial-a-la-virtual\/\" \/>\n<meta property=\"og:site_name\" content=\"Ikusi\" \/>\n<meta property=\"article:publisher\" content=\"https:\/\/www.facebook.com\/IkusiVelatia\" \/>\n<meta property=\"article:published_time\" content=\"2020-08-04T14:54:40+00:00\" \/>\n<meta property=\"og:image\" content=\"https:\/\/www.ikusi.com\/wp-content\/uploads\/2025\/07\/blog-agos1-01.jpg\" \/>\n\t<meta property=\"og:image:width\" content=\"1201\" \/>\n\t<meta property=\"og:image:height\" content=\"501\" \/>\n\t<meta property=\"og:image:type\" content=\"image\/jpeg\" \/>\n<meta name=\"author\" content=\"Ikusi\" \/>\n<meta name=\"twitter:card\" content=\"summary_large_image\" \/>\n<meta name=\"twitter:creator\" content=\"@ikusi_espana\" \/>\n<meta name=\"twitter:site\" content=\"@ikusi_espana\" \/>\n<meta name=\"twitter:label1\" content=\"Escrito por\" \/>\n\t<meta name=\"twitter:data1\" content=\"Ikusi\" \/>\n\t<meta name=\"twitter:label2\" content=\"Tiempo de lectura\" \/>\n\t<meta name=\"twitter:data2\" content=\"4 minutos\" \/>\n<script type=\"application\/ld+json\" class=\"yoast-schema-graph\">{\"@context\":\"https:\/\/schema.org\",\"@graph\":[{\"@type\":\"Article\",\"@id\":\"https:\/\/www.ikusi.com\/mx\/blog\/como-adaptar-la-ensenanza-presencial-a-la-virtual\/#article\",\"isPartOf\":{\"@id\":\"https:\/\/www.ikusi.com\/mx\/blog\/como-adaptar-la-ensenanza-presencial-a-la-virtual\/\"},\"author\":{\"name\":\"Ikusi\",\"@id\":\"https:\/\/www.ikusi.com\/mx\/#\/schema\/person\/03048d7aa5bdf92bd917cd51d825682a\"},\"headline\":\"\u00bfC\u00f3mo adaptar la ense\u00f1anza presencial a la virtual?\",\"datePublished\":\"2020-08-04T14:54:40+00:00\",\"mainEntityOfPage\":{\"@id\":\"https:\/\/www.ikusi.com\/mx\/blog\/como-adaptar-la-ensenanza-presencial-a-la-virtual\/\"},\"wordCount\":718,\"commentCount\":0,\"publisher\":{\"@id\":\"https:\/\/www.ikusi.com\/mx\/#organization\"},\"image\":{\"@id\":\"https:\/\/www.ikusi.com\/mx\/blog\/como-adaptar-la-ensenanza-presencial-a-la-virtual\/#primaryimage\"},\"thumbnailUrl\":\"https:\/\/www.ikusi.com\/wp-content\/uploads\/2025\/07\/blog-agos1-01.jpg\",\"keywords\":[\"Colaboraci\u00f3n\",\"UCaaS\"],\"articleSection\":[\"Aplicaci\u00f3n de soluciones\"],\"inLanguage\":\"es\",\"potentialAction\":[{\"@type\":\"CommentAction\",\"name\":\"Comment\",\"target\":[\"https:\/\/www.ikusi.com\/mx\/blog\/como-adaptar-la-ensenanza-presencial-a-la-virtual\/#respond\"]}]},{\"@type\":\"WebPage\",\"@id\":\"https:\/\/www.ikusi.com\/mx\/blog\/como-adaptar-la-ensenanza-presencial-a-la-virtual\/\",\"url\":\"https:\/\/www.ikusi.com\/mx\/blog\/como-adaptar-la-ensenanza-presencial-a-la-virtual\/\",\"name\":\"\u00bfC\u00f3mo adaptar la ense\u00f1anza presencial a la virtual? - Ikusi\",\"isPartOf\":{\"@id\":\"https:\/\/www.ikusi.com\/mx\/#website\"},\"primaryImageOfPage\":{\"@id\":\"https:\/\/www.ikusi.com\/mx\/blog\/como-adaptar-la-ensenanza-presencial-a-la-virtual\/#primaryimage\"},\"image\":{\"@id\":\"https:\/\/www.ikusi.com\/mx\/blog\/como-adaptar-la-ensenanza-presencial-a-la-virtual\/#primaryimage\"},\"thumbnailUrl\":\"https:\/\/www.ikusi.com\/wp-content\/uploads\/2025\/07\/blog-agos1-01.jpg\",\"datePublished\":\"2020-08-04T14:54:40+00:00\",\"description\":\"Debido a la\u00a0pandemia, algunas actividades sociales se han suspendido, pero gracias a las herramientas de colaboraci\u00f3n seguimos conectados.\",\"breadcrumb\":{\"@id\":\"https:\/\/www.ikusi.com\/mx\/blog\/como-adaptar-la-ensenanza-presencial-a-la-virtual\/#breadcrumb\"},\"inLanguage\":\"es\",\"potentialAction\":[{\"@type\":\"ReadAction\",\"target\":[\"https:\/\/www.ikusi.com\/mx\/blog\/como-adaptar-la-ensenanza-presencial-a-la-virtual\/\"]}]},{\"@type\":\"ImageObject\",\"inLanguage\":\"es\",\"@id\":\"https:\/\/www.ikusi.com\/mx\/blog\/como-adaptar-la-ensenanza-presencial-a-la-virtual\/#primaryimage\",\"url\":\"https:\/\/www.ikusi.com\/wp-content\/uploads\/2025\/07\/blog-agos1-01.jpg\",\"contentUrl\":\"https:\/\/www.ikusi.com\/wp-content\/uploads\/2025\/07\/blog-agos1-01.jpg\",\"width\":1201,\"height\":501},{\"@type\":\"BreadcrumbList\",\"@id\":\"https:\/\/www.ikusi.com\/mx\/blog\/como-adaptar-la-ensenanza-presencial-a-la-virtual\/#breadcrumb\",\"itemListElement\":[{\"@type\":\"ListItem\",\"position\":1,\"name\":\"Portada\",\"item\":\"https:\/\/www.ikusi.com\/mx\/\"},{\"@type\":\"ListItem\",\"position\":2,\"name\":\"\u00bfC\u00f3mo adaptar la ense\u00f1anza presencial a la virtual?\"}]},{\"@type\":\"WebSite\",\"@id\":\"https:\/\/www.ikusi.com\/mx\/#website\",\"url\":\"https:\/\/www.ikusi.com\/mx\/\",\"name\":\"Ikusi - Servicios de Digitalizaci\u00f3n y Ciberseguridad\",\"description\":\"\",\"publisher\":{\"@id\":\"https:\/\/www.ikusi.com\/mx\/#organization\"},\"potentialAction\":[{\"@type\":\"SearchAction\",\"target\":{\"@type\":\"EntryPoint\",\"urlTemplate\":\"https:\/\/www.ikusi.com\/mx\/?s={search_term_string}\"},\"query-input\":{\"@type\":\"PropertyValueSpecification\",\"valueRequired\":true,\"valueName\":\"search_term_string\"}}],\"inLanguage\":\"es\"},{\"@type\":\"Organization\",\"@id\":\"https:\/\/www.ikusi.com\/mx\/#organization\",\"name\":\"Ikusi\",\"url\":\"https:\/\/www.ikusi.com\/mx\/\",\"logo\":{\"@type\":\"ImageObject\",\"inLanguage\":\"es\",\"@id\":\"https:\/\/www.ikusi.com\/mx\/#\/schema\/logo\/image\/\",\"url\":\"https:\/\/www.ikusi.com\/wp-content\/uploads\/2025\/06\/logo-ikusi.svg\",\"contentUrl\":\"https:\/\/www.ikusi.com\/wp-content\/uploads\/2025\/06\/logo-ikusi.svg\",\"width\":1,\"height\":1,\"caption\":\"Ikusi\"},\"image\":{\"@id\":\"https:\/\/www.ikusi.com\/mx\/#\/schema\/logo\/image\/\"},\"sameAs\":[\"https:\/\/www.facebook.com\/IkusiVelatia\",\"https:\/\/x.com\/ikusi_espana\",\"https:\/\/www.instagram.com\/ikusi.velatia\/\",\"https:\/\/www.linkedin.com\/company\/ikusi\/\",\"https:\/\/www.youtube.com\/user\/IkusiGroup\"]},{\"@type\":\"Person\",\"@id\":\"https:\/\/www.ikusi.com\/mx\/#\/schema\/person\/03048d7aa5bdf92bd917cd51d825682a\",\"name\":\"Ikusi\",\"image\":{\"@type\":\"ImageObject\",\"inLanguage\":\"es\",\"@id\":\"https:\/\/www.ikusi.com\/mx\/#\/schema\/person\/image\/\",\"url\":\"https:\/\/secure.gravatar.com\/avatar\/?s=96&d=mm&r=g\",\"contentUrl\":\"https:\/\/secure.gravatar.com\/avatar\/?s=96&d=mm&r=g\",\"caption\":\"Ikusi\"},\"url\":\"https:\/\/www.ikusi.com\/mx\/author\/ikusi\/\"}]}<\/script>\n<!-- \/ Yoast SEO plugin. -->","yoast_head_json":{"title":"\u00bfC\u00f3mo adaptar la ense\u00f1anza presencial a la virtual? - Ikusi","description":"Debido a la\u00a0pandemia, algunas actividades sociales se han suspendido, pero gracias a las herramientas de colaboraci\u00f3n seguimos conectados.","robots":{"index":"index","follow":"follow","max-snippet":"max-snippet:-1","max-image-preview":"max-image-preview:large","max-video-preview":"max-video-preview:-1"},"canonical":"https:\/\/www.ikusi.com\/mx\/blog\/como-adaptar-la-ensenanza-presencial-a-la-virtual\/","og_locale":"es_MX","og_type":"article","og_title":"\u00bfC\u00f3mo adaptar la ense\u00f1anza presencial a la virtual? - Ikusi","og_description":"Debido a la\u00a0pandemia, algunas actividades sociales se han suspendido, pero gracias a las herramientas de colaboraci\u00f3n seguimos conectados.","og_url":"https:\/\/www.ikusi.com\/mx\/blog\/como-adaptar-la-ensenanza-presencial-a-la-virtual\/","og_site_name":"Ikusi","article_publisher":"https:\/\/www.facebook.com\/IkusiVelatia","article_published_time":"2020-08-04T14:54:40+00:00","og_image":[{"width":1201,"height":501,"url":"https:\/\/www.ikusi.com\/wp-content\/uploads\/2025\/07\/blog-agos1-01.jpg","type":"image\/jpeg"}],"author":"Ikusi","twitter_card":"summary_large_image","twitter_creator":"@ikusi_espana","twitter_site":"@ikusi_espana","twitter_misc":{"Escrito por":"Ikusi","Tiempo de lectura":"4 minutos"},"schema":{"@context":"https:\/\/schema.org","@graph":[{"@type":"Article","@id":"https:\/\/www.ikusi.com\/mx\/blog\/como-adaptar-la-ensenanza-presencial-a-la-virtual\/#article","isPartOf":{"@id":"https:\/\/www.ikusi.com\/mx\/blog\/como-adaptar-la-ensenanza-presencial-a-la-virtual\/"},"author":{"name":"Ikusi","@id":"https:\/\/www.ikusi.com\/mx\/#\/schema\/person\/03048d7aa5bdf92bd917cd51d825682a"},"headline":"\u00bfC\u00f3mo adaptar la ense\u00f1anza presencial a la virtual?","datePublished":"2020-08-04T14:54:40+00:00","mainEntityOfPage":{"@id":"https:\/\/www.ikusi.com\/mx\/blog\/como-adaptar-la-ensenanza-presencial-a-la-virtual\/"},"wordCount":718,"commentCount":0,"publisher":{"@id":"https:\/\/www.ikusi.com\/mx\/#organization"},"image":{"@id":"https:\/\/www.ikusi.com\/mx\/blog\/como-adaptar-la-ensenanza-presencial-a-la-virtual\/#primaryimage"},"thumbnailUrl":"https:\/\/www.ikusi.com\/wp-content\/uploads\/2025\/07\/blog-agos1-01.jpg","keywords":["Colaboraci\u00f3n","UCaaS"],"articleSection":["Aplicaci\u00f3n de soluciones"],"inLanguage":"es","potentialAction":[{"@type":"CommentAction","name":"Comment","target":["https:\/\/www.ikusi.com\/mx\/blog\/como-adaptar-la-ensenanza-presencial-a-la-virtual\/#respond"]}]},{"@type":"WebPage","@id":"https:\/\/www.ikusi.com\/mx\/blog\/como-adaptar-la-ensenanza-presencial-a-la-virtual\/","url":"https:\/\/www.ikusi.com\/mx\/blog\/como-adaptar-la-ensenanza-presencial-a-la-virtual\/","name":"\u00bfC\u00f3mo adaptar la ense\u00f1anza presencial a la virtual? - Ikusi","isPartOf":{"@id":"https:\/\/www.ikusi.com\/mx\/#website"},"primaryImageOfPage":{"@id":"https:\/\/www.ikusi.com\/mx\/blog\/como-adaptar-la-ensenanza-presencial-a-la-virtual\/#primaryimage"},"image":{"@id":"https:\/\/www.ikusi.com\/mx\/blog\/como-adaptar-la-ensenanza-presencial-a-la-virtual\/#primaryimage"},"thumbnailUrl":"https:\/\/www.ikusi.com\/wp-content\/uploads\/2025\/07\/blog-agos1-01.jpg","datePublished":"2020-08-04T14:54:40+00:00","description":"Debido a la\u00a0pandemia, algunas actividades sociales se han suspendido, pero gracias a las herramientas de colaboraci\u00f3n seguimos conectados.","breadcrumb":{"@id":"https:\/\/www.ikusi.com\/mx\/blog\/como-adaptar-la-ensenanza-presencial-a-la-virtual\/#breadcrumb"},"inLanguage":"es","potentialAction":[{"@type":"ReadAction","target":["https:\/\/www.ikusi.com\/mx\/blog\/como-adaptar-la-ensenanza-presencial-a-la-virtual\/"]}]},{"@type":"ImageObject","inLanguage":"es","@id":"https:\/\/www.ikusi.com\/mx\/blog\/como-adaptar-la-ensenanza-presencial-a-la-virtual\/#primaryimage","url":"https:\/\/www.ikusi.com\/wp-content\/uploads\/2025\/07\/blog-agos1-01.jpg","contentUrl":"https:\/\/www.ikusi.com\/wp-content\/uploads\/2025\/07\/blog-agos1-01.jpg","width":1201,"height":501},{"@type":"BreadcrumbList","@id":"https:\/\/www.ikusi.com\/mx\/blog\/como-adaptar-la-ensenanza-presencial-a-la-virtual\/#breadcrumb","itemListElement":[{"@type":"ListItem","position":1,"name":"Portada","item":"https:\/\/www.ikusi.com\/mx\/"},{"@type":"ListItem","position":2,"name":"\u00bfC\u00f3mo adaptar la ense\u00f1anza presencial a la virtual?"}]},{"@type":"WebSite","@id":"https:\/\/www.ikusi.com\/mx\/#website","url":"https:\/\/www.ikusi.com\/mx\/","name":"Ikusi - Servicios de Digitalizaci\u00f3n y Ciberseguridad","description":"","publisher":{"@id":"https:\/\/www.ikusi.com\/mx\/#organization"},"potentialAction":[{"@type":"SearchAction","target":{"@type":"EntryPoint","urlTemplate":"https:\/\/www.ikusi.com\/mx\/?s={search_term_string}"},"query-input":{"@type":"PropertyValueSpecification","valueRequired":true,"valueName":"search_term_string"}}],"inLanguage":"es"},{"@type":"Organization","@id":"https:\/\/www.ikusi.com\/mx\/#organization","name":"Ikusi","url":"https:\/\/www.ikusi.com\/mx\/","logo":{"@type":"ImageObject","inLanguage":"es","@id":"https:\/\/www.ikusi.com\/mx\/#\/schema\/logo\/image\/","url":"https:\/\/www.ikusi.com\/wp-content\/uploads\/2025\/06\/logo-ikusi.svg","contentUrl":"https:\/\/www.ikusi.com\/wp-content\/uploads\/2025\/06\/logo-ikusi.svg","width":1,"height":1,"caption":"Ikusi"},"image":{"@id":"https:\/\/www.ikusi.com\/mx\/#\/schema\/logo\/image\/"},"sameAs":["https:\/\/www.facebook.com\/IkusiVelatia","https:\/\/x.com\/ikusi_espana","https:\/\/www.instagram.com\/ikusi.velatia\/","https:\/\/www.linkedin.com\/company\/ikusi\/","https:\/\/www.youtube.com\/user\/IkusiGroup"]},{"@type":"Person","@id":"https:\/\/www.ikusi.com\/mx\/#\/schema\/person\/03048d7aa5bdf92bd917cd51d825682a","name":"Ikusi","image":{"@type":"ImageObject","inLanguage":"es","@id":"https:\/\/www.ikusi.com\/mx\/#\/schema\/person\/image\/","url":"https:\/\/secure.gravatar.com\/avatar\/?s=96&d=mm&r=g","contentUrl":"https:\/\/secure.gravatar.com\/avatar\/?s=96&d=mm&r=g","caption":"Ikusi"},"url":"https:\/\/www.ikusi.com\/mx\/author\/ikusi\/"}]}},"_links":{"self":[{"href":"https:\/\/www.ikusi.com\/mx\/wp-json\/wp\/v2\/posts\/4138","targetHints":{"allow":["GET"]}}],"collection":[{"href":"https:\/\/www.ikusi.com\/mx\/wp-json\/wp\/v2\/posts"}],"about":[{"href":"https:\/\/www.ikusi.com\/mx\/wp-json\/wp\/v2\/types\/post"}],"author":[{"embeddable":true,"href":"https:\/\/www.ikusi.com\/mx\/wp-json\/wp\/v2\/users\/3"}],"replies":[{"embeddable":true,"href":"https:\/\/www.ikusi.com\/mx\/wp-json\/wp\/v2\/comments?post=4138"}],"version-history":[{"count":0,"href":"https:\/\/www.ikusi.com\/mx\/wp-json\/wp\/v2\/posts\/4138\/revisions"}],"wp:featuredmedia":[{"embeddable":true,"href":"https:\/\/www.ikusi.com\/mx\/wp-json\/wp\/v2\/media\/20034"}],"wp:attachment":[{"href":"https:\/\/www.ikusi.com\/mx\/wp-json\/wp\/v2\/media?parent=4138"}],"wp:term":[{"taxonomy":"category","embeddable":true,"href":"https:\/\/www.ikusi.com\/mx\/wp-json\/wp\/v2\/categories?post=4138"},{"taxonomy":"post_tag","embeddable":true,"href":"https:\/\/www.ikusi.com\/mx\/wp-json\/wp\/v2\/tags?post=4138"},{"taxonomy":"temas","embeddable":true,"href":"https:\/\/www.ikusi.com\/mx\/wp-json\/wp\/v2\/temas?post=4138"}],"curies":[{"name":"wp","href":"https:\/\/api.w.org\/{rel}","templated":true}]}}